{"id":33182,"date":"2014-06-27T21:27:06","date_gmt":"2014-06-28T00:27:06","guid":{"rendered":"http:\/\/aconteceunovale.com.br\/portal\/?p=33182"},"modified":"2014-06-27T21:39:33","modified_gmt":"2014-06-28T00:39:33","slug":"acidente-deixa-tres-pessoas-feridas-proximo-a-mirabela-no-norte-de-minas","status":"publish","type":"post","link":"https:\/\/aconteceunovale.com.br\/portal\/?p=33182","title":{"rendered":"Acidente deixa tr\u00eas pessoas feridas pr\u00f3ximo a Mirabela, no Norte de Minas"},"content":{"rendered":"<p>Tr\u00eas pessoas ficaram feridas em um grave acidente envolvendo dois ve\u00edculos no in\u00edcio da tarde desta sexta-feira, 27 de junho, na MG-135, pr\u00f3ximo a Mirabela, no Norte de Minas Gerais.<\/p>\n<p>O motorista de um dos ve\u00edculos, que \u00e9 policial militar no munic\u00edpio de Icara\u00ed de Minas relatou que perdeu o controle da dire\u00e7\u00e3o depois que um pneu do carro estourou. Fabiano Alves Medeiros, de 34 anos, foi encontrado sentado, consciente e orientado, apresentando escoria\u00e7\u00f5es pelo corpo. <\/p>\n<p>No outro ve\u00edculo, que seguia em dire\u00e7\u00e3o a Montes Claros, estava a passageira Eva Maria Rodrigues, de 53 anos, que sofreu ferimentos na regi\u00e3o lombar, e se queixava de dor no momento do atendimento. O seu filho e condutor do ve\u00edculo, identificado como Wanderley, n\u00e3o apresentava ferimentos aparentes.<\/p>\n<p>O PM e a passageira do segundo ve\u00edculo foram socorridos por unidades de resgate do SAMU de Bras\u00edlia de Minas e encaminhados para o Hospital Municipal de Bras\u00edlia de Minas. O condutor Wanderley foi levado para observa\u00e7\u00e3o no hospital de Mirabela.<\/p>\n<p>A Pol\u00edcia Rodovi\u00e1ria Federal fez a seguran\u00e7a do local e n\u00e3o houve interrup\u00e7\u00e3o do tr\u00e2nsito.<\/p>\n<p><img decoding=\"async\" src=\"http:\/\/aconteceunovale.com.br\/portal\/wp-content\/uploads\/2014\/06\/acidente_mirabela_27_6_1.jpg\" alt=\"\" \/><\/p>\n<p><img decoding=\"async\" src=\"http:\/\/aconteceunovale.com.br\/portal\/wp-content\/uploads\/2014\/06\/acidente_mirabela_27_6_2.jpg\" alt=\"\" \/><\/p>\n<p><img decoding=\"async\" src=\"http:\/\/aconteceunovale.com.br\/portal\/wp-content\/uploads\/2014\/06\/acidente_mirabela_27_6_3.jpg\" alt=\"\" \/><\/p>\n<p><img decoding=\"async\" src=\"http:\/\/aconteceunovale.com.br\/portal\/wp-content\/uploads\/2014\/06\/acidente_mirabela_27_6_4.jpg\" alt=\"\" \/><\/p>\n<p><strong><em>(Fotos: Divulga\u00e7\u00e3o \/ SAMU Norte de Minas)<\/em><\/strong><\/p>\n","protected":false},"excerpt":{"rendered":"<p>Tr\u00eas pessoas ficaram feridas em um grave acidente envolvendo dois ve\u00edculos no in\u00edcio da tarde desta sexta-feira, 27 de junho, na MG-135, pr\u00f3ximo a Mirabela, no Norte de Minas Gerais. O motorista de um dos ve\u00edculos, que \u00e9 policial militar no munic\u00edpio de Icara\u00ed de Minas relatou que perdeu o controle da dire\u00e7\u00e3o depois que [&hellip;]<\/p>\n","protected":false},"author":1,"featured_media":33183,"comment_status":"open","ping_status":"closed","sticky":false,"template":"","format":"standard","meta":{"amp_status":"","footnotes":""},"categories":[1236],"tags":[9780,9783,1018,9781,9782,1803,9785,1699],"class_list":["post-33182","post","type-post","status-publish","format-standard","has-post-thumbnail","hentry","category-norte_de_minas","tag-acidente-deixa-tres-pessoas-feridas-em-mirabela","tag-acidente-deixa-tres-pessoas-feridas-proximo-a-mirabela","tag-destaque","tag-eva-maria-rodrigues","tag-fabiano-alves-medeiros","tag-icarai-de-minas","tag-militar-perde-o-controle-da-direcao-e-deixa-outros-dois-feridos-na-mg-135","tag-mirabela"],"_links":{"self":[{"href":"https:\/\/aconteceunovale.com.br\/portal\/index.php?rest_route=\/wp\/v2\/posts\/33182","targetHints":{"allow":["GET"]}}],"collection":[{"href":"https:\/\/aconteceunovale.com.br\/portal\/index.php?rest_route=\/wp\/v2\/posts"}],"about":[{"href":"https:\/\/aconteceunovale.com.br\/portal\/index.php?rest_route=\/wp\/v2\/types\/post"}],"author":[{"embeddable":true,"href":"https:\/\/aconteceunovale.com.br\/portal\/index.php?rest_route=\/wp\/v2\/users\/1"}],"replies":[{"embeddable":true,"href":"https:\/\/aconteceunovale.com.br\/portal\/index.php?rest_route=%2Fwp%2Fv2%2Fcomments&post=33182"}],"version-history":[{"count":0,"href":"https:\/\/aconteceunovale.com.br\/portal\/index.php?rest_route=\/wp\/v2\/posts\/33182\/revisions"}],"wp:featuredmedia":[{"embeddable":true,"href":"https:\/\/aconteceunovale.com.br\/portal\/index.php?rest_route=\/wp\/v2\/media\/33183"}],"wp:attachment":[{"href":"https:\/\/aconteceunovale.com.br\/portal\/index.php?rest_route=%2Fwp%2Fv2%2Fmedia&parent=33182"}],"wp:term":[{"taxonomy":"category","embeddable":true,"href":"https:\/\/aconteceunovale.com.br\/portal\/index.php?rest_route=%2Fwp%2Fv2%2Fcategories&post=33182"},{"taxonomy":"post_tag","embeddable":true,"href":"https:\/\/aconteceunovale.com.br\/portal\/index.php?rest_route=%2Fwp%2Fv2%2Ftags&post=33182"}],"curies":[{"name":"wp","href":"https:\/\/api.w.org\/{rel}","templated":true}]}}