{"id":33173,"date":"2014-06-27T19:03:27","date_gmt":"2014-06-27T22:03:27","guid":{"rendered":"http:\/\/aconteceunovale.com.br\/portal\/?p=33173"},"modified":"2014-06-27T21:08:48","modified_gmt":"2014-06-28T00:08:48","slug":"bombeiros-de-diamantina-libertam-homem-que-ficou-acorrentado-por-cinco-dias","status":"publish","type":"post","link":"https:\/\/aconteceunovale.com.br\/portal\/?p=33173","title":{"rendered":"Bombeiros de Diamantina libertam homem que ficou acorrentado por cinco dias"},"content":{"rendered":"<p>Na manh\u00e3 desta sexta-feira (27), o 3\u00ba Pelot\u00e3o de Bombeiros de Diamantina atendeu um homem que chegou \u00e0 unidade preso a correntes. A v\u00edtima de 26 anos, que tem problemas mentais e usa medicamentos controlados, mora numa fazenda pr\u00f3xima ao distrito de Senador Mour\u00e3o, a 85 km da cidade, e foi acorrentada pelo pr\u00f3prio pai a um peda\u00e7o de pau, fincado dentro do quarto da casa onde reside. <\/p>\n<p>O homem afirmou \u00e0 Pol\u00edcia Militar que permaneceu preso por 5 dias dentro da casa e foi alimentado pelo pr\u00f3prio pai, que tamb\u00e9m teria problemas mentais e seria usu\u00e1rio de drogas. A v\u00edtima alegou, ainda, que \u00e9 aposentada por invalidez e s\u00f3 conseguiu fugir depois de quebrar a madeira na qual estava preso. O motivo da pris\u00e3o seria o desejo do pai de que o filho n\u00e3o sa\u00edsse de casa. <\/p>\n<p>Ap\u00f3s encontrar policiais militares e relatar o fato, o homem foi levado ao 3\u00ba Pelot\u00e3o de Bombeiros de Diamantina, que utilizaram as ferramentas adequadas para remover a corrente. Em seguida, o homem foi levado com a PM para o registro de boletim de ocorr\u00eancia e demais provid\u00eancias cab\u00edveis. <\/p>\n<p><img decoding=\"async\" src=\"http:\/\/aconteceunovale.com.br\/portal\/wp-content\/uploads\/2014\/06\/acorrentado_dtna_1.jpg\" alt=\"\" \/><\/p>\n<p><img decoding=\"async\" src=\"http:\/\/aconteceunovale.com.br\/portal\/wp-content\/uploads\/2014\/06\/acorrentado_dtna_2.jpg\" alt=\"\" \/><\/p>\n<p><img decoding=\"async\" src=\"http:\/\/aconteceunovale.com.br\/portal\/wp-content\/uploads\/2014\/06\/acorrentado_dtna_3.jpg\" alt=\"\" \/><\/p>\n<p><strong><em>(Fotos: Corpo de Bombeiros de Diamantina \/ Fonte: Hoje em Dia)<\/em><\/strong><\/p>\n","protected":false},"excerpt":{"rendered":"<p>Na manh\u00e3 desta sexta-feira (27), o 3\u00ba Pelot\u00e3o de Bombeiros de Diamantina atendeu um homem que chegou \u00e0 unidade preso a correntes. A v\u00edtima de 26 anos, que tem problemas mentais e usa medicamentos controlados, mora numa fazenda pr\u00f3xima ao distrito de Senador Mour\u00e3o, a 85 km da cidade, e foi acorrentada pelo pr\u00f3prio pai [&hellip;]<\/p>\n","protected":false},"author":1,"featured_media":33174,"comment_status":"open","ping_status":"closed","sticky":false,"template":"","format":"standard","meta":{"amp_status":"","footnotes":""},"categories":[120],"tags":[9776,9774,9771,9775,1018,198,9772,9773],"class_list":["post-33173","post","type-post","status-publish","format-standard","has-post-thumbnail","hentry","category-jequi","tag-bombeiros-de-diamantina-libertam-homem-que-ficou-acorrentado-por-cinco-dias","tag-bombeiros-desacorrentam-homem-que-fugiu-de-casa-em-diamantina","tag-bombeiros-libertam-homem-que-ficou-acorrentado-por-cinco-dias-em-diamantina","tag-bombeiros-socorrem-homem-acorrentado-que-fugiu-de-casa-em-diamantina","tag-destaque","tag-diamantina","tag-distrito-de-senador-mourao","tag-senador-mourao"],"_links":{"self":[{"href":"https:\/\/aconteceunovale.com.br\/portal\/index.php?rest_route=\/wp\/v2\/posts\/33173","targetHints":{"allow":["GET"]}}],"collection":[{"href":"https:\/\/aconteceunovale.com.br\/portal\/index.php?rest_route=\/wp\/v2\/posts"}],"about":[{"href":"https:\/\/aconteceunovale.com.br\/portal\/index.php?rest_route=\/wp\/v2\/types\/post"}],"author":[{"embeddable":true,"href":"https:\/\/aconteceunovale.com.br\/portal\/index.php?rest_route=\/wp\/v2\/users\/1"}],"replies":[{"embeddable":true,"href":"https:\/\/aconteceunovale.com.br\/portal\/index.php?rest_route=%2Fwp%2Fv2%2Fcomments&post=33173"}],"version-history":[{"count":0,"href":"https:\/\/aconteceunovale.com.br\/portal\/index.php?rest_route=\/wp\/v2\/posts\/33173\/revisions"}],"wp:featuredmedia":[{"embeddable":true,"href":"https:\/\/aconteceunovale.com.br\/portal\/index.php?rest_route=\/wp\/v2\/media\/33174"}],"wp:attachment":[{"href":"https:\/\/aconteceunovale.com.br\/portal\/index.php?rest_route=%2Fwp%2Fv2%2Fmedia&parent=33173"}],"wp:term":[{"taxonomy":"category","embeddable":true,"href":"https:\/\/aconteceunovale.com.br\/portal\/index.php?rest_route=%2Fwp%2Fv2%2Fcategories&post=33173"},{"taxonomy":"post_tag","embeddable":true,"href":"https:\/\/aconteceunovale.com.br\/portal\/index.php?rest_route=%2Fwp%2Fv2%2Ftags&post=33173"}],"curies":[{"name":"wp","href":"https:\/\/api.w.org\/{rel}","templated":true}]}}