{"id":33163,"date":"2014-06-27T18:33:36","date_gmt":"2014-06-27T21:33:36","guid":{"rendered":"http:\/\/aconteceunovale.com.br\/portal\/?p=33163"},"modified":"2014-06-27T18:33:36","modified_gmt":"2014-06-27T21:33:36","slug":"suspeito-de-trafico-e-receptacao-de-produtos-roubados-e-preso-em-sao-francisco","status":"publish","type":"post","link":"https:\/\/aconteceunovale.com.br\/portal\/?p=33163","title":{"rendered":"Suspeito de tr\u00e1fico e recepta\u00e7\u00e3o de produtos roubados \u00e9 preso em S\u00e3o Francisco"},"content":{"rendered":"<p>Um homem foi preso e um menor apreendido no final da manh\u00e3 desta feira (27) em S\u00e3o Francisco, no Norte de Minas Gerais. Os dois s\u00e3o suspeitos de tr\u00e1fico de drogas e recepta\u00e7\u00e3o.<\/p>\n<p>Com um dos suspeitos de 21 anos, a pol\u00edcia encontrou cinco p\u00e9s de maconha, 38 pedras de crack, oito buchas de maconha, uma balan\u00e7a e dinheiro.<\/p>\n<p>Al\u00e9m da droga, a pol\u00edcia encontrou ainda v\u00e1rias bicicletas e pe\u00e7as de bicicletas que j\u00e1 tinham sido desmontadas. Ele n\u00e3o soube explicar a origem do material, mas confirmou que um outro rapaz  fornecia os produtos.<\/p>\n<p>O menor j\u00e1 tem antecedentes criminais por furto e roubo. Os dois foram encaminhados para a delegacia.<\/p>\n<p><img decoding=\"async\" src=\"http:\/\/aconteceunovale.com.br\/portal\/wp-content\/uploads\/2014\/06\/preso_sao_francisco_27_6.jpg\" alt=\"\" \/><em>V\u00e1rias bicicletas foram apreendidas (Foto: Pol\u00edcia Militar\/Divula\u00e7\u00e3o)<\/em><br \/>\n<\/br><\/p>\n<p><em><strong>(Fonte: Inter TV Grande Minas)<\/strong><\/em><\/p>\n","protected":false},"excerpt":{"rendered":"<p>Um homem foi preso e um menor apreendido no final da manh\u00e3 desta feira (27) em S\u00e3o Francisco, no Norte de Minas Gerais. Os dois s\u00e3o suspeitos de tr\u00e1fico de drogas e recepta\u00e7\u00e3o. Com um dos suspeitos de 21 anos, a pol\u00edcia encontrou cinco p\u00e9s de maconha, 38 pedras de crack, oito buchas de maconha, [&hellip;]<\/p>\n","protected":false},"author":1,"featured_media":33164,"comment_status":"open","ping_status":"closed","sticky":false,"template":"","format":"standard","meta":{"amp_status":"","footnotes":""},"categories":[1236],"tags":[1522,9766],"class_list":["post-33163","post","type-post","status-publish","format-standard","has-post-thumbnail","hentry","category-norte_de_minas","tag-sao-francisco","tag-suspeito-de-trafico-e-receptacao-de-produtos-roubados-e-preso-em-sao-francisco"],"_links":{"self":[{"href":"https:\/\/aconteceunovale.com.br\/portal\/index.php?rest_route=\/wp\/v2\/posts\/33163","targetHints":{"allow":["GET"]}}],"collection":[{"href":"https:\/\/aconteceunovale.com.br\/portal\/index.php?rest_route=\/wp\/v2\/posts"}],"about":[{"href":"https:\/\/aconteceunovale.com.br\/portal\/index.php?rest_route=\/wp\/v2\/types\/post"}],"author":[{"embeddable":true,"href":"https:\/\/aconteceunovale.com.br\/portal\/index.php?rest_route=\/wp\/v2\/users\/1"}],"replies":[{"embeddable":true,"href":"https:\/\/aconteceunovale.com.br\/portal\/index.php?rest_route=%2Fwp%2Fv2%2Fcomments&post=33163"}],"version-history":[{"count":0,"href":"https:\/\/aconteceunovale.com.br\/portal\/index.php?rest_route=\/wp\/v2\/posts\/33163\/revisions"}],"wp:featuredmedia":[{"embeddable":true,"href":"https:\/\/aconteceunovale.com.br\/portal\/index.php?rest_route=\/wp\/v2\/media\/33164"}],"wp:attachment":[{"href":"https:\/\/aconteceunovale.com.br\/portal\/index.php?rest_route=%2Fwp%2Fv2%2Fmedia&parent=33163"}],"wp:term":[{"taxonomy":"category","embeddable":true,"href":"https:\/\/aconteceunovale.com.br\/portal\/index.php?rest_route=%2Fwp%2Fv2%2Fcategories&post=33163"},{"taxonomy":"post_tag","embeddable":true,"href":"https:\/\/aconteceunovale.com.br\/portal\/index.php?rest_route=%2Fwp%2Fv2%2Ftags&post=33163"}],"curies":[{"name":"wp","href":"https:\/\/api.w.org\/{rel}","templated":true}]}}