{"id":33159,"date":"2014-06-27T18:29:14","date_gmt":"2014-06-27T21:29:14","guid":{"rendered":"http:\/\/aconteceunovale.com.br\/portal\/?p=33159"},"modified":"2014-06-27T18:29:14","modified_gmt":"2014-06-27T21:29:14","slug":"centro-de-artesanato-em-tecido-sera-inaugurado-em-itueta-nesta-sexta-feira","status":"publish","type":"post","link":"https:\/\/aconteceunovale.com.br\/portal\/?p=33159","title":{"rendered":"Centro de Artesanato em Tecido ser\u00e1 inaugurado em Itueta nesta sexta-feira"},"content":{"rendered":"<h4><em>Espa\u00e7o vai beneficiar mais de 300 pessoas das cidades de Itueta e regi\u00e3o. Centro visa investir na gera\u00e7\u00e3o de empregos nas cidades envolvidas.<\/em><\/h4>\n<p>Ser\u00e1 inaugurado na noite desta sexta-feira (27), em Itueta, no Leste de Minas Gerais o Centro de Artesanato em Tecido de Itueta (CATI). O in\u00edcio do evento est\u00e1 previsto para as 19 horas, no Distrito Industrial do munic\u00edpio. O novo espa\u00e7o vai beneficiar mais de 300 pessoas das cidades de Itueta, Aimor\u00e9s, Resplendor e Baixo Guandu, no Esp\u00edrito Santo.<\/p>\n<p>De acordo com a gestora de projetos sociais, Cynthia Barreiro Boechat, a ideia de construir um espa\u00e7o como CATI surgiu devido a necessidade de investir na gera\u00e7\u00e3o de empregos nas cidades envolvidas.<\/p>\n<p><img decoding=\"async\" src=\"http:\/\/aconteceunovale.com.br\/portal\/wp-content\/uploads\/2014\/06\/centro_artesanato_itueta_1.jpg\" alt=\"\" \/><em>Mulheres de Itueta e regi\u00e3o fazem bordados no Centro de Artesanato em Tecido da cidade &#8211; (Foto: Diego Souza\/G1)<\/em><br \/>\n<\/br><\/p>\n<p>\u201cDesde 2008 v\u00ednhamos promovendo reuni\u00f5es com pessoas destas cidades para tratar da quest\u00e3o do desemprego. Criamos um projeto para uma f\u00e1brica de costura e enviamos para o Banco do Brasil que tinha uma linha de cr\u00e9dito para o Desenvolvimento Regional Sustent\u00e1vel, mas infelizmente, naquela ocasi\u00e3o n\u00e3o deu certo\u201d, conta Cynthia Boechat.<\/p>\n<p>Por\u00e9m, em 2010, o projeto foi refeito e cerca de 80 mulheres da Associa\u00e7\u00e3o das Mulheres Artes\u00e3s de Itueta (AMAI) foram contempladas com uma Escola F\u00e1brica e passaram a produzir pe\u00e7as de artesanato no local.<\/p>\n<p>\u201cO novo projeto trazia a ideia de um espa\u00e7o capaz de sediar cursos e ser capaz de atender a necessidade de produ\u00e7\u00e3o das artes\u00e3s. Agora, quem vai gerir esse trabalho no CATI s\u00e3o as mulheres da AMAI junto com a Rede Vidas que foi a empresa quem elaborou o projeto. V\u00e1rias pessoas desta regi\u00e3o ser\u00e3o beneficiadas com este espa\u00e7o que ser\u00e1 inaugurado nesta sexta\u201d, garante Cynthia.<\/p>\n<h4><strong>Rede Vidas<\/strong><\/h4>\n<p>A Organiza\u00e7\u00e3o N\u00e3o Governamental Rede Vidas tamb\u00e9m foi parceira na elabora\u00e7\u00e3o do projeto que possibilitou a concretiza\u00e7\u00e3o do CATI em Itueta. Para a gestora de projetos da ONG, Cyntia Boechat Pereira, a Rede Vidas busca incentivar e fortalecer o com\u00e9rcio e a economia na cidade e regi\u00e3o.<\/p>\n<p>\u201cItueta precisa desse tipo de suporte. Por isso firmamos essa parceria cedendo o material e o local para a constru\u00e7\u00e3o do Centro, justamente para incentivar essas mulheres. \u00c9 uma grande oportunidade que elas est\u00e3o tendo e isso enriquece n\u00e3o apenas a vida delas, mas o munic\u00edpio tamb\u00e9m\u201d, afirma Cynthia Bochat.<\/p>\n<p><img decoding=\"async\" src=\"http:\/\/aconteceunovale.com.br\/portal\/wp-content\/uploads\/2014\/06\/centro_artesanato_itueta_2.jpg\" alt=\"\" \/><em>Cynthia Boechat mostra o espa\u00e7o no CATI onde as artes\u00e3s poder\u00e3o comercializar suas produ\u00e7\u00f5es &#8211; (Foto: Diego Souza\/G1)<\/em><br \/>\n<\/br><\/p>\n<p>Cyntia Carreiro Boechat ressalta ainda a import\u00e2ncia da parceria para a cidade e a popula\u00e7\u00e3o de Itueta que buscam uma nova identidade.<\/p>\n<p>\u201cIsso se torna ainda mais importante porque temos aqui um povo sofrido, com perda de identidade devido \u00e0 realoca\u00e7\u00e3o recente da cidade. Antes a popula\u00e7\u00e3o de Itueta podia comercializar seus produtos com a passagem do trem [que faz o transporte di\u00e1rio de passageiros entre Belo Horizonte e Vit\u00f3ria-ES], mas agora, devido \u00e0 constru\u00e7\u00e3o de uma barragem e a mudan\u00e7a de cidade de local isso n\u00e3o acontece mais. Esse Centro vai ajudar na reconstru\u00e7\u00e3o dessa identidade\u201d.<\/p>\n<p><em>(Inter TV dos Vales \/ Diego Souza)<\/em><\/p>\n","protected":false},"excerpt":{"rendered":"<p>Espa\u00e7o vai beneficiar mais de 300 pessoas das cidades de Itueta e regi\u00e3o. Centro visa investir na gera\u00e7\u00e3o de empregos nas cidades envolvidas. Ser\u00e1 inaugurado na noite desta sexta-feira (27), em Itueta, no Leste de Minas Gerais o Centro de Artesanato em Tecido de Itueta (CATI). O in\u00edcio do evento est\u00e1 previsto para as 19 [&hellip;]<\/p>\n","protected":false},"author":1,"featured_media":33160,"comment_status":"open","ping_status":"closed","sticky":false,"template":"","format":"standard","meta":{"amp_status":"","footnotes":""},"categories":[121],"tags":[273,9762,194,9764,9765,9761,298,131,309,9763],"class_list":["post-33159","post","type-post","status-publish","format-standard","has-post-thumbnail","hentry","category-leste","tag-aimores","tag-baixo-guandu","tag-belo-horizonte","tag-centro-de-artesanato-em-tecido-sera-inaugurado-em-itueta","tag-centro-de-artesanato-em-tecido-sera-inaugurado-em-itueta-nesta-sexta-feira","tag-cynthia-bochat","tag-itueta","tag-minas-gerais","tag-resplendor","tag-vitoria"],"_links":{"self":[{"href":"https:\/\/aconteceunovale.com.br\/portal\/index.php?rest_route=\/wp\/v2\/posts\/33159","targetHints":{"allow":["GET"]}}],"collection":[{"href":"https:\/\/aconteceunovale.com.br\/portal\/index.php?rest_route=\/wp\/v2\/posts"}],"about":[{"href":"https:\/\/aconteceunovale.com.br\/portal\/index.php?rest_route=\/wp\/v2\/types\/post"}],"author":[{"embeddable":true,"href":"https:\/\/aconteceunovale.com.br\/portal\/index.php?rest_route=\/wp\/v2\/users\/1"}],"replies":[{"embeddable":true,"href":"https:\/\/aconteceunovale.com.br\/portal\/index.php?rest_route=%2Fwp%2Fv2%2Fcomments&post=33159"}],"version-history":[{"count":0,"href":"https:\/\/aconteceunovale.com.br\/portal\/index.php?rest_route=\/wp\/v2\/posts\/33159\/revisions"}],"wp:featuredmedia":[{"embeddable":true,"href":"https:\/\/aconteceunovale.com.br\/portal\/index.php?rest_route=\/wp\/v2\/media\/33160"}],"wp:attachment":[{"href":"https:\/\/aconteceunovale.com.br\/portal\/index.php?rest_route=%2Fwp%2Fv2%2Fmedia&parent=33159"}],"wp:term":[{"taxonomy":"category","embeddable":true,"href":"https:\/\/aconteceunovale.com.br\/portal\/index.php?rest_route=%2Fwp%2Fv2%2Fcategories&post=33159"},{"taxonomy":"post_tag","embeddable":true,"href":"https:\/\/aconteceunovale.com.br\/portal\/index.php?rest_route=%2Fwp%2Fv2%2Ftags&post=33159"}],"curies":[{"name":"wp","href":"https:\/\/api.w.org\/{rel}","templated":true}]}}