{"id":33157,"date":"2014-06-27T18:13:30","date_gmt":"2014-06-27T21:13:30","guid":{"rendered":"http:\/\/aconteceunovale.com.br\/portal\/?p=33157"},"modified":"2014-06-27T18:13:42","modified_gmt":"2014-06-27T21:13:42","slug":"vales-do-jequitinhonha-e-mucuri-tem-o-maior-crescimento-relativo-no-saldo-das-exportacoes-mineiras","status":"publish","type":"post","link":"https:\/\/aconteceunovale.com.br\/portal\/?p=33157","title":{"rendered":"Vales do Jequitinhonha e Mucuri t\u00eam o maior crescimento relativo no saldo das exporta\u00e7\u00f5es mineiras"},"content":{"rendered":"<h4><strong>Resultado representa 0,4% do total exportado por Minas Gerais. Informa\u00e7\u00e3o vem do Panorama do Com\u00e9rcio Exterior de 2014, lan\u00e7ado neste m\u00eas pelo Governo de Minas<\/strong><\/h4>\n<p>Os Vales do Jequitinhonha e Mucuri alcan\u00e7aram o maior n\u00edvel de crescimento, com 14%, nas exporta\u00e7\u00f5es do Estado em 2013. As regi\u00f5es atingiram um valor de mais de US$122 milh\u00f5es em exporta\u00e7\u00f5es, representando 0,4% do total exportado por Minas Gerais. Os dados s\u00e3o da edi\u00e7\u00e3o 2014 do Panorama do Com\u00e9rcio Exterior, elaborado pela Exportaminas &#8211; unidade central de com\u00e9rcio exterior da Secretaria de Estado de Desenvolvimento Econ\u00f4mico (Sede) &#8211;  e lan\u00e7ado pelo Governo de Minas, no m\u00eas de junho.<\/p>\n<p><img decoding=\"async\" src=\"http:\/\/aconteceunovale.com.br\/portal\/wp-content\/uploads\/2013\/10\/cafe_chapada.jpg\" alt=\"\" \/><em>(O Caf\u00e9 \u00e9 um dos produtos respons\u00e1veis pelo aumento das exporta\u00e7\u00f5es da regi\u00e3o &#8211; Foto: Reprodu\u00e7\u00e3o)<\/em><br \/>\n<\/br><\/p>\n<p>Os principais produtos exportados foram a carne bovina, pedras preciosas e semipreciosas, caf\u00e9, artigos de joalheria, bijuterias, platina, confec\u00e7\u00f5es e a\u00e7\u00facar de cana ou beterraba. A carne bovina e as pedras preciosas registraram o maior valor: US$ 44,71 e US$ 38,79 respectivamente. Os produtos est\u00e3o sendo exportados por 17 munic\u00edpios da regi\u00e3o.<\/p>\n<p>Entre estes munic\u00edpios est\u00e1 Cara\u00ed, no Vale do Mucuri e Jequitinhonha, que exportou, pela primeira vez em 2013, pedras para calcetar (pedra para cal\u00e7amento) e de cantaria (pedra para constru\u00e7\u00e3o). Merecem ser citados tamb\u00e9m os munic\u00edpios de Manga e Rubelita, no Norte de Minas, que est\u00e3o comercializando, respectivamente, mangas e pedras para calcetar e de cantaria.<\/p>\n<p>De acordo com a coordenadora do Exportaminas, Fernanda Cimini, a maior participa\u00e7\u00e3o no mercado internacional \u00e9 um indicativo de amadurecimento econ\u00f4mico das regi\u00f5es do Vale Mucuri e Jequitinhonha. \u201cO registro de 14% no crescimento das exporta\u00e7\u00f5es \u00e9 um indicador e a expectativa \u00e9 que o crescimento aumente, haja vista os investimentos realizados na regi\u00e3o\u201d, afirma.<\/p>\n<p>O Norte de Minas tamb\u00e9m apresenta uma maior inser\u00e7\u00e3o no mercado internacional.  Segundo Fernanda, a Regi\u00e3o do Ja\u00edba tamb\u00e9m tem import\u00e2ncia significativa na exporta\u00e7\u00e3o de frutas, especialmente, a manga Palmer e o lim\u00e3o.  \u201cCom os investimentos previstos na \u00e1rea, sendo um deles voltado para a c\u00e2mara fria, espera-se que haja um avan\u00e7o ainda maior para o setor\u201d, conclui.<\/p>\n<h4><strong>Parceria<\/strong><\/h4>\n<p>O Panorama do Com\u00e9rcio Exterior de Minas Gerais \u00e9 elaborado anualmente pela Exportaminas. Durante coletiva, a coordenadora, Fernanda Cimini, anunciou que a Exportaminas est\u00e1 trabalhando para que a pr\u00f3xima edi\u00e7\u00e3o da publica\u00e7\u00e3o passa a ser apenas digital e contar\u00e1 com a parceria da Funda\u00e7\u00e3o Jo\u00e3o Pinheiro (FJP), o que lhe dar\u00e1 um car\u00e1ter mais anal\u00edtico j\u00e1 na edi\u00e7\u00e3o de 2015. A Exportaminas firmou tamb\u00e9m parceria com a Universidade Federal de Minas Gerais (UFMG) como primeiro passo para disponibilizar o trabalho a bibliotecas de universidades de todo o mundo.<\/p>\n<h4><strong>Minas Gerais<\/strong><\/h4>\n<p>O Estado tamb\u00e9m atingiu o maior saldo comercial do Brasil no ano passado, com um total de US$ 21,09 bilh\u00f5es. Na mesma base de compara\u00e7\u00e3o, o Brasil atingiu um super\u00e1vit na balan\u00e7a comercial de apenas US$ 2,56 bilh\u00f5es. A publica\u00e7\u00e3o mostra ainda a evolu\u00e7\u00e3o do com\u00e9rcio exterior de Minas Gerais sendo que em 2004, Minas Gerais exportava apenas US$ 10 bilh\u00f5es, e em 2013 esse valor foi de US$ 33,44 bilh\u00f5es. O avan\u00e7o representa um aumento de 234,1% nas exporta\u00e7\u00f5es.<\/p>\n","protected":false},"excerpt":{"rendered":"<p>Resultado representa 0,4% do total exportado por Minas Gerais. Informa\u00e7\u00e3o vem do Panorama do Com\u00e9rcio Exterior de 2014, lan\u00e7ado neste m\u00eas pelo Governo de Minas Os Vales do Jequitinhonha e Mucuri alcan\u00e7aram o maior n\u00edvel de crescimento, com 14%, nas exporta\u00e7\u00f5es do Estado em 2013. As regi\u00f5es atingiram um valor de mais de US$122 milh\u00f5es [&hellip;]<\/p>\n","protected":false},"author":1,"featured_media":12422,"comment_status":"open","ping_status":"closed","sticky":false,"template":"","format":"standard","meta":{"amp_status":"","footnotes":""},"categories":[120],"tags":[490,1018,1058,9760,9759],"class_list":["post-33157","post","type-post","status-publish","format-standard","has-post-thumbnail","hentry","category-jequi","tag-carai","tag-destaque","tag-jaiba","tag-os-vales-do-jequitinhonha-e-mucuri-alcancaram-o-maior-nivel-de-crescimento-nas-exportacoes-do-estado-em-2013","tag-vales-do-jequitinhonha-e-mucuri-tem-o-maior-crescimento-relativo-no-saldo-das-exportacoes-mineiras"],"_links":{"self":[{"href":"https:\/\/aconteceunovale.com.br\/portal\/index.php?rest_route=\/wp\/v2\/posts\/33157","targetHints":{"allow":["GET"]}}],"collection":[{"href":"https:\/\/aconteceunovale.com.br\/portal\/index.php?rest_route=\/wp\/v2\/posts"}],"about":[{"href":"https:\/\/aconteceunovale.com.br\/portal\/index.php?rest_route=\/wp\/v2\/types\/post"}],"author":[{"embeddable":true,"href":"https:\/\/aconteceunovale.com.br\/portal\/index.php?rest_route=\/wp\/v2\/users\/1"}],"replies":[{"embeddable":true,"href":"https:\/\/aconteceunovale.com.br\/portal\/index.php?rest_route=%2Fwp%2Fv2%2Fcomments&post=33157"}],"version-history":[{"count":0,"href":"https:\/\/aconteceunovale.com.br\/portal\/index.php?rest_route=\/wp\/v2\/posts\/33157\/revisions"}],"wp:featuredmedia":[{"embeddable":true,"href":"https:\/\/aconteceunovale.com.br\/portal\/index.php?rest_route=\/wp\/v2\/media\/12422"}],"wp:attachment":[{"href":"https:\/\/aconteceunovale.com.br\/portal\/index.php?rest_route=%2Fwp%2Fv2%2Fmedia&parent=33157"}],"wp:term":[{"taxonomy":"category","embeddable":true,"href":"https:\/\/aconteceunovale.com.br\/portal\/index.php?rest_route=%2Fwp%2Fv2%2Fcategories&post=33157"},{"taxonomy":"post_tag","embeddable":true,"href":"https:\/\/aconteceunovale.com.br\/portal\/index.php?rest_route=%2Fwp%2Fv2%2Ftags&post=33157"}],"curies":[{"name":"wp","href":"https:\/\/api.w.org\/{rel}","templated":true}]}}