{"id":33154,"date":"2014-06-27T18:06:53","date_gmt":"2014-06-27T21:06:53","guid":{"rendered":"http:\/\/aconteceunovale.com.br\/portal\/?p=33154"},"modified":"2014-06-27T18:06:53","modified_gmt":"2014-06-27T21:06:53","slug":"acordo-para-dar-suporte-ao-programa-minas-leite-sera-assinado-na-abertura-da-expoagrogv-2014","status":"publish","type":"post","link":"https:\/\/aconteceunovale.com.br\/portal\/?p=33154","title":{"rendered":"Acordo para dar suporte ao programa Minas Leite ser\u00e1 assinado na abertura da ExpoagroGV 2014"},"content":{"rendered":"<p>A uni\u00e3o de for\u00e7as do Governo do Estado e institui\u00e7\u00f5es privadas, com o objetivo de fortalecer o programa Minas Leite, da Secretaria da Agricultura, Pecu\u00e1ria e Abastecimento (Seapa), ser\u00e1 anunciada na pr\u00f3xima quinta-feira (03\/07), na abertura da 45\u00aa Exposi\u00e7\u00e3o Agropecu\u00e1ria de Governador Valadares. Durante o evento, que ter\u00e1 a presen\u00e7a do governador Alberto Pinto Coelho, haver\u00e1 a assinatura de um termo de coopera\u00e7\u00e3o t\u00e9cnica com a participa\u00e7\u00e3o da Seapa e suas vinculadas Emater-MG e Epamig, do Servi\u00e7o Nacional de Aprendizagem do Cooperativismo de Minas Gerais (Sescoop\/Ocemg) e Sindicato das Ind\u00fastrias de Latic\u00ednios do Estado de Minas Gerais (Silemg).<\/p>\n<p>O objetivo do Minas Leite (Programa Estadual da Cadeia Produtiva do Leite) \u00e9 promover a qualidade de vida dos produtores e suas fam\u00edlias, por meio da qualifica\u00e7\u00e3o gerencial e t\u00e9cnica dos sistemas de produ\u00e7\u00e3o de leite, proporcionando-lhes ganhos econ\u00f4micos, sociais e ambientais. Atualmente, o programa atende a 1.301 propriedades mineiras cuja produ\u00e7\u00e3o m\u00e9dia \u00e9 de at\u00e9 200 litros de leite, tendo na atividade a sua principal base econ\u00f4mico-financeira.  <\/p>\n<p>As institui\u00e7\u00f5es que comp\u00f5em a parceria para expans\u00e3o do Minas Leite no Estado devem elaborar uma agenda semestral de atividades relativas \u00e0 implanta\u00e7\u00e3o e ao acompanhamento das a\u00e7\u00f5es do programa nos munic\u00edpios onde tenham atua\u00e7\u00e3o em comum. Tamb\u00e9m de acordo com o documento, a Secretaria da Agricultura responde pela gest\u00e3o e supervis\u00e3o das a\u00e7\u00f5es executadas pelas parceiras e vai elaborar anualmente a avalia\u00e7\u00e3o dos \u00edndices alcan\u00e7ados pelos produtores participantes do programa.<\/p>\n<p>Al\u00e9m de fornecer aos parceiros informa\u00e7\u00f5es relacionadas \u00e0 atividade leiteira, a Seapa, por interm\u00e9dio da coordena\u00e7\u00e3o do Minas Leite, realizar\u00e1 acompanhamento t\u00e9cnico \u00e0s propriedades participantes do programa. Promover\u00e1 tamb\u00e9m dias de campo para os produtores, t\u00e9cnicos e representantes das institui\u00e7\u00f5es parceiras com o objetivo de difundir a tecnologia e avaliar os resultados alcan\u00e7ados.<\/p>\n<p><img decoding=\"async\" src=\"http:\/\/aconteceunovale.com.br\/portal\/wp-content\/uploads\/2014\/06\/governo-de-minas-busca-parceria-de-instituicoes-privadas-para-reforcar-programa-do-leite.jpg\" alt=\"\" \/><em>O programa Minas Leite prop\u00f5e a qualifica\u00e7\u00e3o gerencial e t\u00e9cnica dos produtores e suas fam\u00edlias &#8211; Foto: Arquivo\/Emater-MG<\/em><br \/>\n<\/br><\/p>\n<h4><strong>Parceria p\u00fablico-privada<\/strong><\/h4>\n<p>O acordo confirma a Emater como respons\u00e1vel pelas a\u00e7\u00f5es de assist\u00eancia t\u00e9cnica aos produtores e fornecedores de leite que aderirem ao Minas Leite. Al\u00e9m disso, a Seapa garantir\u00e1 a capacita\u00e7\u00e3o das institui\u00e7\u00f5es parceiras, garantindo o uso da metodologia adequada (software) nas novas propriedades a serem assistidas.<\/p>\n<p>A Epamig deve manter os t\u00e9cnicos das institui\u00e7\u00f5es parceiras atualizados sobre as novas pesquisas aplicadas \u00e0 bovinocultura. A empresa tamb\u00e9m participar\u00e1 dos dias de campo e outros eventos relacionados ao Minas Leite.<\/p>\n<p>J\u00e1 o Sescoop\/Ocemg e o Silemg dever\u00e3o dar suporte na realiza\u00e7\u00e3o de programas de capacita\u00e7\u00e3o nas fazendas experimentais da Epamig para os t\u00e9cnicos das cooperativas parceiras no programa Minas Leite. Tamb\u00e9m v\u00e3o apoiar e patrocinar a publica\u00e7\u00e3o de material t\u00e9cnico e de divulga\u00e7\u00e3o do programa, bem como contribuir na realiza\u00e7\u00e3o de eventos do programa.<\/p>\n<p>Segundo a assessora t\u00e9cnica da Pecu\u00e1ria da Seapa, Alessandra Botelho, o Minas Leite tem intensificado suas a\u00e7\u00f5es por meio de parcerias. Ela diz que o modelo proporciona bons resultados, e um dos exemplos \u00e9 o trabalho desenvolvido na regi\u00e3o Leste do Estado, onde ser\u00e3o diagnosticadas 150 propriedades leiteiras por meio da parceria com o Latic\u00ednio Porto Alegre.<\/p>\n<p>Para o secret\u00e1rio Andr\u00e9 Merlo, o Minas Leite \u00e9 um bom exemplo da efici\u00eancia das parcerias p\u00fablico-privadas no desenvolvimento de programas e a\u00e7\u00f5es do agroneg\u00f3cio. \u201cA assinatura do Termo de Coopera\u00e7\u00e3o T\u00e9cnica entre o Estado, por meio da Seapa e vinculadas, com o Sescoop\/Ocemg e o Silemg dever\u00e1 contribuir para a expans\u00e3o do programa no Estado, atendendo a um maior n\u00famero de pequenos e m\u00e9dios produtores rurais de leite\u201d, explica.        <\/p>\n<h4><strong>Reativa\u00e7\u00e3o de escrit\u00f3rio<\/strong><\/h4>\n<p>Durante a solenidade de abertura da 45\u00aa Expoagro de Governador Valadares, tamb\u00e9m ser\u00e1 assinado pelo secret\u00e1rio Andr\u00e9 Merlo e o presidente da Emater, Jos\u00e9 Ricardo Ramos Roseno, o Conv\u00eanio de Presta\u00e7\u00e3o de Servi\u00e7os de Assist\u00eancia e Extens\u00e3o Rural no Munic\u00edpio de Governador Valadares. Por meio do documento fica assegurada a retomada dos servi\u00e7os da Emater no munic\u00edpio por meio da parceria da empresa com a Uni\u00e3o Ruralista Rio Doce (URRD) e Rede Sicoob (Sistema de Cooperativas de Cr\u00e9dito do Brasil).<\/p>\n<p>O secret\u00e1rio Andr\u00e9 Merlo diz que \u201ca reativa\u00e7\u00e3o do escrit\u00f3rio atende a uma solicita\u00e7\u00e3o da sociedade, que reconhece a import\u00e2ncia dos servi\u00e7os prestados pela Emater ao desenvolvimento do agroneg\u00f3cio e \u00e0 organiza\u00e7\u00e3o dos produtores rurais no munic\u00edpio e regi\u00e3o\u201d.<\/p>\n<h4><strong>Coopera\u00e7\u00e3o para pesquisa<\/strong><\/h4>\n<p>Na abertura da Expoagro 2014 de Governador Valadares ser\u00e1 firmado tamb\u00e9m um acordo de coopera\u00e7\u00e3o t\u00e9cnica para o desenvolvimento de pesquisa e transfer\u00eancia de tecnologia entre a Universidade Vale do Rio Doce (Univale) e a Epamig, com a participa\u00e7\u00e3o da Secretaria da Agricultura. O documento ser\u00e1 assinado pelo secret\u00e1rio Andr\u00e9 Merlo, diretor de Opera\u00e7\u00f5es T\u00e9cnicas da Epamig, Pl\u00ednio C\u00e9sar Soares, e reitor da Univale, Jos\u00e9 Geraldo Lemos do Prata. A parceria possibilitar\u00e1 o interc\u00e2mbio t\u00e9cnico-cient\u00edfico nas \u00e1reas de ensino, pesquisa, extens\u00e3o e do desenvolvimento do agroneg\u00f3cio regional.<\/p>\n","protected":false},"excerpt":{"rendered":"<p>A uni\u00e3o de for\u00e7as do Governo do Estado e institui\u00e7\u00f5es privadas, com o objetivo de fortalecer o programa Minas Leite, da Secretaria da Agricultura, Pecu\u00e1ria e Abastecimento (Seapa), ser\u00e1 anunciada na pr\u00f3xima quinta-feira (03\/07), na abertura da 45\u00aa Exposi\u00e7\u00e3o Agropecu\u00e1ria de Governador Valadares. Durante o evento, que ter\u00e1 a presen\u00e7a do governador Alberto Pinto Coelho, [&hellip;]<\/p>\n","protected":false},"author":1,"featured_media":33155,"comment_status":"open","ping_status":"closed","sticky":false,"template":"","format":"standard","meta":{"amp_status":"","footnotes":""},"categories":[121],"tags":[9755,1018,247,9756,9757,9758],"class_list":["post-33154","post","type-post","status-publish","format-standard","has-post-thumbnail","hentry","category-leste","tag-acordo-para-dar-suporte-ao-programa-minas-leite-sera-assinado-na-abertura-da-expoagrogv-2014","tag-destaque","tag-governador-valadares","tag-governo-de-minas-busca-parceria-de-instituicoes-privadas-para-reforcar-programa-do-leite","tag-o-programa-minas-leite-propoe-a-qualificacao-gerencial-e-tecnica-dos-produtores-e-suas-familias","tag-programa-minas-leite"],"_links":{"self":[{"href":"https:\/\/aconteceunovale.com.br\/portal\/index.php?rest_route=\/wp\/v2\/posts\/33154","targetHints":{"allow":["GET"]}}],"collection":[{"href":"https:\/\/aconteceunovale.com.br\/portal\/index.php?rest_route=\/wp\/v2\/posts"}],"about":[{"href":"https:\/\/aconteceunovale.com.br\/portal\/index.php?rest_route=\/wp\/v2\/types\/post"}],"author":[{"embeddable":true,"href":"https:\/\/aconteceunovale.com.br\/portal\/index.php?rest_route=\/wp\/v2\/users\/1"}],"replies":[{"embeddable":true,"href":"https:\/\/aconteceunovale.com.br\/portal\/index.php?rest_route=%2Fwp%2Fv2%2Fcomments&post=33154"}],"version-history":[{"count":0,"href":"https:\/\/aconteceunovale.com.br\/portal\/index.php?rest_route=\/wp\/v2\/posts\/33154\/revisions"}],"wp:featuredmedia":[{"embeddable":true,"href":"https:\/\/aconteceunovale.com.br\/portal\/index.php?rest_route=\/wp\/v2\/media\/33155"}],"wp:attachment":[{"href":"https:\/\/aconteceunovale.com.br\/portal\/index.php?rest_route=%2Fwp%2Fv2%2Fmedia&parent=33154"}],"wp:term":[{"taxonomy":"category","embeddable":true,"href":"https:\/\/aconteceunovale.com.br\/portal\/index.php?rest_route=%2Fwp%2Fv2%2Fcategories&post=33154"},{"taxonomy":"post_tag","embeddable":true,"href":"https:\/\/aconteceunovale.com.br\/portal\/index.php?rest_route=%2Fwp%2Fv2%2Ftags&post=33154"}],"curies":[{"name":"wp","href":"https:\/\/api.w.org\/{rel}","templated":true}]}}