{"id":33108,"date":"2014-06-27T11:15:56","date_gmt":"2014-06-27T14:15:56","guid":{"rendered":"http:\/\/aconteceunovale.com.br\/portal\/?p=33108"},"modified":"2014-06-27T11:15:56","modified_gmt":"2014-06-27T14:15:56","slug":"lei-da-palmada-passa-a-valer-a-partir-de-hoje","status":"publish","type":"post","link":"https:\/\/aconteceunovale.com.br\/portal\/?p=33108","title":{"rendered":"Lei da Palmada passa a valer a partir de hoje"},"content":{"rendered":"<h4><strong>Pais e respons\u00e1veis que aplicarem castigos considerados cru\u00e9is ou degradantes n\u00e3o ser\u00e3o criminalizados, mas ser\u00e3o obrigados a fazer tratamento psicologico ou psiqui\u00e1trico<\/strong><\/h4>\n<p>A legisla\u00e7\u00e3o que pro\u00edbe castigos f\u00edsicos, tratamento cruel ou degradante para educar crian\u00e7as e adolescentes, conhecida como Lei da Palmada, entrou em vigor nesta sexta-feira com a publica\u00e7\u00e3o das regras no Di\u00e1rio Oficial da Uni\u00e3o. A nova legisla\u00e7\u00e3o foi sancionada pela presidente Dilma Rousseff com um \u00fanico veto ao texto aprovado pelo C\u00e2mara e Senado \u2013 a que previa multa de tr\u00eas a 20 sal\u00e1rios m\u00ednimos a servidores p\u00fablicos, profissionais de sa\u00fade, educa\u00e7\u00e3o ou assist\u00eancia social que deixassem de comunicar \u00e0s autoridades casos em que houvesse suspeita ou confirma\u00e7\u00e3o de maus-tratos aos menores de idade.<\/p>\n<p>A nova lei estabelece que crian\u00e7as e adolescentes devem ser educadas sem o uso de castigo f\u00edsico, tratamento cruel ou degradante. A nova lei n\u00e3o imp\u00f5e puni\u00e7\u00e3o criminal para pais ou respons\u00e1veis que praticarem tais atos. No entanto, os infratores devem se submeter \u00e0 orienta\u00e7\u00e3o, tratamento psicol\u00f3gico ou psiqui\u00e1trico, al\u00e9m de advert\u00eancia de autoridades competentes.<\/p>\n<p>A reeduca\u00e7\u00e3o de pais e respons\u00e1veis infratores ser\u00e1 feita por meio de programas oficiais ou comunit\u00e1rio de prote\u00e7\u00e3o \u00e0 fam\u00edlia. Al\u00e9m do tratamento psicol\u00f3gico ou psiqui\u00e1trico, a lei prev\u00ea cursos ou programas de orienta\u00e7\u00e3o. Os pais e respons\u00e1veis podem tamb\u00e9m ser obrigados a levar a crian\u00e7a para tratamento especializado e tomar uma &#8220;advert\u00eancia&#8221;. O texto da lei, no entanto, n\u00e3o estabelece os termos desta \u00faltima puni\u00e7\u00e3o aos pais e respons\u00e1veis.<\/p>\n<h4><strong>Defini\u00e7\u00e3o de castigo <\/strong><\/h4>\n<p>De acordo com o texto da lei, fica definido como &#8220;castigo f\u00edsico&#8221; qualquer &#8220;a\u00e7\u00e3o punitiva ou disciplinar aplicada com emprego de for\u00e7a f\u00edsica que resulte em sofrimento f\u00edsico ou les\u00e3o&#8221;. &#8220;Tratamento cruel ou degradante&#8221; \u00e9 explicado na nova legisla\u00e7\u00e3o como todo ato ou verbaliza\u00e7\u00e3o que &#8220;humilhe, ameace gravemente ou ridicularize&#8221; a crian\u00e7a ou adolescente.<\/p>\n<p><em>(Estado de Minas)<\/em><\/p>\n","protected":false},"excerpt":{"rendered":"<p>Pais e respons\u00e1veis que aplicarem castigos considerados cru\u00e9is ou degradantes n\u00e3o ser\u00e3o criminalizados, mas ser\u00e3o obrigados a fazer tratamento psicologico ou psiqui\u00e1trico A legisla\u00e7\u00e3o que pro\u00edbe castigos f\u00edsicos, tratamento cruel ou degradante para educar crian\u00e7as e adolescentes, conhecida como Lei da Palmada, entrou em vigor nesta sexta-feira com a publica\u00e7\u00e3o das regras no Di\u00e1rio Oficial [&hellip;]<\/p>\n","protected":false},"author":1,"featured_media":33109,"comment_status":"open","ping_status":"closed","sticky":false,"template":"","format":"standard","meta":{"amp_status":"","footnotes":""},"categories":[6],"tags":[8527,9717],"class_list":["post-33108","post","type-post","status-publish","format-standard","has-post-thumbnail","hentry","category-br","tag-lei-da-palmada","tag-lei-da-palmada-passa-a-valer-a-partir-de-hoje"],"_links":{"self":[{"href":"https:\/\/aconteceunovale.com.br\/portal\/index.php?rest_route=\/wp\/v2\/posts\/33108","targetHints":{"allow":["GET"]}}],"collection":[{"href":"https:\/\/aconteceunovale.com.br\/portal\/index.php?rest_route=\/wp\/v2\/posts"}],"about":[{"href":"https:\/\/aconteceunovale.com.br\/portal\/index.php?rest_route=\/wp\/v2\/types\/post"}],"author":[{"embeddable":true,"href":"https:\/\/aconteceunovale.com.br\/portal\/index.php?rest_route=\/wp\/v2\/users\/1"}],"replies":[{"embeddable":true,"href":"https:\/\/aconteceunovale.com.br\/portal\/index.php?rest_route=%2Fwp%2Fv2%2Fcomments&post=33108"}],"version-history":[{"count":0,"href":"https:\/\/aconteceunovale.com.br\/portal\/index.php?rest_route=\/wp\/v2\/posts\/33108\/revisions"}],"wp:featuredmedia":[{"embeddable":true,"href":"https:\/\/aconteceunovale.com.br\/portal\/index.php?rest_route=\/wp\/v2\/media\/33109"}],"wp:attachment":[{"href":"https:\/\/aconteceunovale.com.br\/portal\/index.php?rest_route=%2Fwp%2Fv2%2Fmedia&parent=33108"}],"wp:term":[{"taxonomy":"category","embeddable":true,"href":"https:\/\/aconteceunovale.com.br\/portal\/index.php?rest_route=%2Fwp%2Fv2%2Fcategories&post=33108"},{"taxonomy":"post_tag","embeddable":true,"href":"https:\/\/aconteceunovale.com.br\/portal\/index.php?rest_route=%2Fwp%2Fv2%2Ftags&post=33108"}],"curies":[{"name":"wp","href":"https:\/\/api.w.org\/{rel}","templated":true}]}}