{"id":33103,"date":"2014-06-27T11:08:25","date_gmt":"2014-06-27T14:08:25","guid":{"rendered":"http:\/\/aconteceunovale.com.br\/portal\/?p=33103"},"modified":"2014-06-27T11:08:25","modified_gmt":"2014-06-27T14:08:25","slug":"acidente-com-carreta-bloqueia-o-transito-na-br-381-em-sao-goncalo-do-rio-abaixo","status":"publish","type":"post","link":"https:\/\/aconteceunovale.com.br\/portal\/?p=33103","title":{"rendered":"Acidente com carreta bloqueia o tr\u00e2nsito na BR-381 em S\u00e3o Gon\u00e7alo do Rio Abaixo"},"content":{"rendered":"<p>Um acidente deixou o tr\u00e2nsito totalmente fechado por mais de uma hora, na manh\u00e3 desta sexta-feira, 27 de junho, na BR-381, em S\u00e3o Gon\u00e7alo do Rio Abaixo, na Regi\u00e3o Central de Minas. Segundo a Pol\u00edcia Rodovi\u00e1ria Federal (PRF), uma carreta que transportava um caminh\u00e3o tombou no km 368 da rodovia por volta das 6h15.<\/p>\n<p>O motorista do ve\u00edculo ficou levemente ferido, sendo atendido por uma ambul\u00e2ncia de Jo\u00e3o Monlevade. O acidente foi no sentido no sentido BH\/Vit\u00f3ria e, por volta das 9h, a pista foi liberada em ambas as dire\u00e7\u00f5es. <\/p>\n<p><img decoding=\"async\" src=\"http:\/\/aconteceunovale.com.br\/portal\/wp-content\/uploads\/2014\/06\/acidente_sgra_27_6_2.jpg\" alt=\"\" \/><em>Foto: M\u00e1rcio Andrade \/ Reprodu\u00e7\u00e3o DeFato<\/em><br \/>\n<\/br><\/p>\n<h4><strong>No quil\u00f4metro 405 da BR 381<\/strong><\/h4>\n<p>Uma batida envolvendo dois ve\u00edculos de passeio deixou quatro pessoas feridas, durante esta manh\u00e3, em Bom Jesus do Amparo, regi\u00e3o Central de Minas. De acordo com o Corpo de Bombeiros, a colis\u00e3o ocorreu na altura do quil\u00f4metro 405.<\/p>\n<p>Lourival Gomes, de 63 anos, e Luiz Carlos de Souza, de 52, precisaram ser socorridos e encaminhados para o Hospital de Itabira. As outras duas v\u00edtimas sofreram ferimentos leves e dispensaram atendimento m\u00e9dico. Ao todo, seis militares dos bombeiros atenderam a ocorr\u00eancia.<\/p>\n<p><img decoding=\"async\" src=\"http:\/\/aconteceunovale.com.br\/portal\/wp-content\/uploads\/2014\/06\/acidente_sgra_27_6_1.jpg\" alt=\"\" \/><em>Foto: M\u00e1rcio Andrade \/ Reprodu\u00e7\u00e3o DeFato<\/em><br \/>\n<\/br><\/p>\n<p><em>(Hoje em Dia \/ Estado de Minas)<\/em><\/p>\n","protected":false},"excerpt":{"rendered":"<p>Um acidente deixou o tr\u00e2nsito totalmente fechado por mais de uma hora, na manh\u00e3 desta sexta-feira, 27 de junho, na BR-381, em S\u00e3o Gon\u00e7alo do Rio Abaixo, na Regi\u00e3o Central de Minas. Segundo a Pol\u00edcia Rodovi\u00e1ria Federal (PRF), uma carreta que transportava um caminh\u00e3o tombou no km 368 da rodovia por volta das 6h15. O [&hellip;]<\/p>\n","protected":false},"author":1,"featured_media":33104,"comment_status":"open","ping_status":"closed","sticky":false,"template":"","format":"standard","meta":{"amp_status":"","footnotes":""},"categories":[123],"tags":[9714,9715,9713,1736,202,1739],"class_list":["post-33103","post","type-post","status-publish","format-standard","has-post-thumbnail","hentry","category-gerais","tag-acidente-bloqueia-br-381-em-sao-goncalo-do-rio-abaixo","tag-acidente-com-carreta-bloqueia-o-transito-na-br-381-em-sao-goncalo-do-rio-abaixo","tag-batida-envolvendo-dois-carros-deixa-quatro-feridos-em-bom-jesus-do-amparo","tag-bom-jesus-do-amparo","tag-itabira","tag-sao-goncalo-do-rio-abaixo"],"_links":{"self":[{"href":"https:\/\/aconteceunovale.com.br\/portal\/index.php?rest_route=\/wp\/v2\/posts\/33103","targetHints":{"allow":["GET"]}}],"collection":[{"href":"https:\/\/aconteceunovale.com.br\/portal\/index.php?rest_route=\/wp\/v2\/posts"}],"about":[{"href":"https:\/\/aconteceunovale.com.br\/portal\/index.php?rest_route=\/wp\/v2\/types\/post"}],"author":[{"embeddable":true,"href":"https:\/\/aconteceunovale.com.br\/portal\/index.php?rest_route=\/wp\/v2\/users\/1"}],"replies":[{"embeddable":true,"href":"https:\/\/aconteceunovale.com.br\/portal\/index.php?rest_route=%2Fwp%2Fv2%2Fcomments&post=33103"}],"version-history":[{"count":0,"href":"https:\/\/aconteceunovale.com.br\/portal\/index.php?rest_route=\/wp\/v2\/posts\/33103\/revisions"}],"wp:featuredmedia":[{"embeddable":true,"href":"https:\/\/aconteceunovale.com.br\/portal\/index.php?rest_route=\/wp\/v2\/media\/33104"}],"wp:attachment":[{"href":"https:\/\/aconteceunovale.com.br\/portal\/index.php?rest_route=%2Fwp%2Fv2%2Fmedia&parent=33103"}],"wp:term":[{"taxonomy":"category","embeddable":true,"href":"https:\/\/aconteceunovale.com.br\/portal\/index.php?rest_route=%2Fwp%2Fv2%2Fcategories&post=33103"},{"taxonomy":"post_tag","embeddable":true,"href":"https:\/\/aconteceunovale.com.br\/portal\/index.php?rest_route=%2Fwp%2Fv2%2Ftags&post=33103"}],"curies":[{"name":"wp","href":"https:\/\/api.w.org\/{rel}","templated":true}]}}