{"id":33084,"date":"2014-06-27T09:59:16","date_gmt":"2014-06-27T12:59:16","guid":{"rendered":"http:\/\/aconteceunovale.com.br\/portal\/?p=33084"},"modified":"2014-06-27T09:59:16","modified_gmt":"2014-06-27T12:59:16","slug":"homem-e-morto-com-onze-facadas-em-santo-antonio-do-jacinto","status":"publish","type":"post","link":"https:\/\/aconteceunovale.com.br\/portal\/?p=33084","title":{"rendered":"Homem \u00e9 morto com onze facadas em Santo Ant\u00f4nio do Jacinto"},"content":{"rendered":"<p>Um homem de 40 anos foi morto a facadas na noite desta quinta-feira, 26 de junho, no Bairro Jo\u00e3o Cerqueira Filho, em Santo Ant\u00f4nio do Jacinto\/MG. <\/p>\n<p>De acordo com informa\u00e7\u00f5es da Pol\u00edcia Militar, por volta das 19 horas e 25 minutos, o corpo de CARLITO SOUZA DA SILVA, foi encontrado ca\u00eddo com sinais vitais e com vis\u00edveis perfura\u00e7\u00f5es de objeto perfurante pelo corpo.<\/p>\n<p>Uma ambul\u00e2ncia foi acionada e encaminhou a v\u00edtima para a Unidade B\u00e1sica de Sa\u00fade da cidade. Devido \u00e0 gravidade das les\u00f5es, ele n\u00e3o resistiu e morreu. A m\u00e9dica constatou que a v\u00edtima sofreu 11 perfura\u00e7\u00f5es distribu\u00eddas pelo t\u00f3rax e abd\u00f4men por objeto perfurante, possivelmente uma arma branca.<\/p>\n<p>Uma den\u00fancia an\u00f4nima informou aos policiais o nome do autor, por\u00e9m at\u00e9 o momento ele n\u00e3o foi localizado.<\/p>\n<p>O corpo foi encaminhado para o Instituto M\u00e9dico Legal para demais provid\u00eancias.<\/p>\n","protected":false},"excerpt":{"rendered":"<p>Um homem de 40 anos foi morto a facadas na noite desta quinta-feira, 26 de junho, no Bairro Jo\u00e3o Cerqueira Filho, em Santo Ant\u00f4nio do Jacinto\/MG. De acordo com informa\u00e7\u00f5es da Pol\u00edcia Militar, por volta das 19 horas e 25 minutos, o corpo de CARLITO SOUZA DA SILVA, foi encontrado ca\u00eddo com sinais vitais e [&hellip;]<\/p>\n","protected":false},"author":1,"featured_media":22994,"comment_status":"open","ping_status":"closed","sticky":false,"template":"","format":"standard","meta":{"amp_status":"","footnotes":""},"categories":[120],"tags":[9692,9691,674],"class_list":["post-33084","post","type-post","status-publish","format-standard","has-post-thumbnail","hentry","category-jequi","tag-carlito-souza-da-silva","tag-homem-e-morto-com-onze-facadas-em-santo-antonio-do-jacinto","tag-santo-antonio-do-jacinto"],"_links":{"self":[{"href":"https:\/\/aconteceunovale.com.br\/portal\/index.php?rest_route=\/wp\/v2\/posts\/33084","targetHints":{"allow":["GET"]}}],"collection":[{"href":"https:\/\/aconteceunovale.com.br\/portal\/index.php?rest_route=\/wp\/v2\/posts"}],"about":[{"href":"https:\/\/aconteceunovale.com.br\/portal\/index.php?rest_route=\/wp\/v2\/types\/post"}],"author":[{"embeddable":true,"href":"https:\/\/aconteceunovale.com.br\/portal\/index.php?rest_route=\/wp\/v2\/users\/1"}],"replies":[{"embeddable":true,"href":"https:\/\/aconteceunovale.com.br\/portal\/index.php?rest_route=%2Fwp%2Fv2%2Fcomments&post=33084"}],"version-history":[{"count":0,"href":"https:\/\/aconteceunovale.com.br\/portal\/index.php?rest_route=\/wp\/v2\/posts\/33084\/revisions"}],"wp:featuredmedia":[{"embeddable":true,"href":"https:\/\/aconteceunovale.com.br\/portal\/index.php?rest_route=\/wp\/v2\/media\/22994"}],"wp:attachment":[{"href":"https:\/\/aconteceunovale.com.br\/portal\/index.php?rest_route=%2Fwp%2Fv2%2Fmedia&parent=33084"}],"wp:term":[{"taxonomy":"category","embeddable":true,"href":"https:\/\/aconteceunovale.com.br\/portal\/index.php?rest_route=%2Fwp%2Fv2%2Fcategories&post=33084"},{"taxonomy":"post_tag","embeddable":true,"href":"https:\/\/aconteceunovale.com.br\/portal\/index.php?rest_route=%2Fwp%2Fv2%2Ftags&post=33084"}],"curies":[{"name":"wp","href":"https:\/\/api.w.org\/{rel}","templated":true}]}}