{"id":33082,"date":"2014-06-27T09:47:51","date_gmt":"2014-06-27T12:47:51","guid":{"rendered":"http:\/\/aconteceunovale.com.br\/portal\/?p=33082"},"modified":"2014-06-27T09:47:51","modified_gmt":"2014-06-27T12:47:51","slug":"adolescente-estupra-crianca-de-seis-anos-em-almenara","status":"publish","type":"post","link":"https:\/\/aconteceunovale.com.br\/portal\/?p=33082","title":{"rendered":"Adolescente estupra crian\u00e7a de seis anos em Almenara"},"content":{"rendered":"<p>Uma crian\u00e7a de seis anos de idade foi violentada sexualmente na tarde de ontem, 26 de junho, em Almenara, no Vale do Jequitinhonha. De acordo com informa\u00e7\u00f5es da Pol\u00edcia Militar, a m\u00e3e da v\u00edtima acionou a corpora\u00e7\u00e3o ap\u00f3s perceber um sangramento na calcinha da menina.<\/p>\n<p>Ainda de acordo com a PM, a m\u00e3e relatou que a garota chegou em casa e em seguida deslocou para o banheiro, tr\u00eas vezes consecutivas. Preocupada, a m\u00e3e perguntou o motivo pelo qual ela estava indo ao banheiro com tanta frequ\u00eancia, no entanto a crian\u00e7a respondeu que apenas estava com vontade de urinar, por\u00e9m no momento em que foi tomar banho, ela chamou a m\u00e3e e disse que a calcinha dela estava suja de sangue.<\/p>\n<p>A m\u00e3e da garota perguntou onde ela estava, e esta respondeu que estaria na casa da tia, onde se encontrava somente o menor de 12 anos.<\/p>\n<p>Diante dos fatos, a guarni\u00e7\u00e3o da PM realizou rastreamento e localizou o menor. Ele relatou aos policiais que teria apenas descido a calcinha da garota e pegado em sua genit\u00e1lia. <\/p>\n<p>A crian\u00e7a foi encaminhada ao Hospital Deraldo Guimar\u00e3es, onde o m\u00e9dico constatou que houve uma lacera\u00e7\u00e3o na borda via anal.<\/p>\n<p>O autor do ato infracional, juntamente com a v\u00edtima e demais respons\u00e1veis foram conduzidos \u00e0 presen\u00e7a de autoridade de Pol\u00edcia para demais provid\u00eancias.<\/p>\n","protected":false},"excerpt":{"rendered":"<p>Uma crian\u00e7a de seis anos de idade foi violentada sexualmente na tarde de ontem, 26 de junho, em Almenara, no Vale do Jequitinhonha. De acordo com informa\u00e7\u00f5es da Pol\u00edcia Militar, a m\u00e3e da v\u00edtima acionou a corpora\u00e7\u00e3o ap\u00f3s perceber um sangramento na calcinha da menina. Ainda de acordo com a PM, a m\u00e3e relatou que [&hellip;]<\/p>\n","protected":false},"author":1,"featured_media":19935,"comment_status":"open","ping_status":"closed","sticky":false,"template":"","format":"standard","meta":{"amp_status":"","footnotes":""},"categories":[120],"tags":[9690,142],"class_list":["post-33082","post","type-post","status-publish","format-standard","has-post-thumbnail","hentry","category-jequi","tag-adolescente-estupra-crianca-de-seis-anos-em-almenara","tag-almenara"],"_links":{"self":[{"href":"https:\/\/aconteceunovale.com.br\/portal\/index.php?rest_route=\/wp\/v2\/posts\/33082","targetHints":{"allow":["GET"]}}],"collection":[{"href":"https:\/\/aconteceunovale.com.br\/portal\/index.php?rest_route=\/wp\/v2\/posts"}],"about":[{"href":"https:\/\/aconteceunovale.com.br\/portal\/index.php?rest_route=\/wp\/v2\/types\/post"}],"author":[{"embeddable":true,"href":"https:\/\/aconteceunovale.com.br\/portal\/index.php?rest_route=\/wp\/v2\/users\/1"}],"replies":[{"embeddable":true,"href":"https:\/\/aconteceunovale.com.br\/portal\/index.php?rest_route=%2Fwp%2Fv2%2Fcomments&post=33082"}],"version-history":[{"count":0,"href":"https:\/\/aconteceunovale.com.br\/portal\/index.php?rest_route=\/wp\/v2\/posts\/33082\/revisions"}],"wp:featuredmedia":[{"embeddable":true,"href":"https:\/\/aconteceunovale.com.br\/portal\/index.php?rest_route=\/wp\/v2\/media\/19935"}],"wp:attachment":[{"href":"https:\/\/aconteceunovale.com.br\/portal\/index.php?rest_route=%2Fwp%2Fv2%2Fmedia&parent=33082"}],"wp:term":[{"taxonomy":"category","embeddable":true,"href":"https:\/\/aconteceunovale.com.br\/portal\/index.php?rest_route=%2Fwp%2Fv2%2Fcategories&post=33082"},{"taxonomy":"post_tag","embeddable":true,"href":"https:\/\/aconteceunovale.com.br\/portal\/index.php?rest_route=%2Fwp%2Fv2%2Ftags&post=33082"}],"curies":[{"name":"wp","href":"https:\/\/api.w.org\/{rel}","templated":true}]}}