{"id":33080,"date":"2014-06-27T09:26:59","date_gmt":"2014-06-27T12:26:59","guid":{"rendered":"http:\/\/aconteceunovale.com.br\/portal\/?p=33080"},"modified":"2014-06-27T09:26:59","modified_gmt":"2014-06-27T12:26:59","slug":"leme-do-prado-recebe-nesta-sexta-feira-a-unidade-movel-eficiencia-energetica-da-cemig","status":"publish","type":"post","link":"https:\/\/aconteceunovale.com.br\/portal\/?p=33080","title":{"rendered":"Leme do Prado recebe nesta sexta-feira a Unidade M\u00f3vel Efici\u00eancia Energ\u00e9tica da Cemig"},"content":{"rendered":"<p>A Companhia Energ\u00e9tica de Minas Gerais \u2013 Cemig leva a Leme do Prado, nesta sexta-feira (27\/06), a unidade m\u00f3vel Efici\u00eancia Energ\u00e9tica, com o objetivo de orientar a popula\u00e7\u00e3o sobre como usar a energia de forma segura e eficiente. A apresenta\u00e7\u00e3o acontece das 9 \u00e0s 16 horas, na Pra\u00e7a Teodorino Ferreira, pr\u00f3ximo ao n\u00famero 10, no Centro.<\/p>\n<p>Dentre as principais atra\u00e7\u00f5es dessa unidade m\u00f3vel, destaca-se o prot\u00f3tipo de aquecedor solar, equipamento que mostra aos consumidores o aproveitamento t\u00e9rmico da energia solar para o aquecimento da \u00e1gua.<\/p>\n<p>Tamb\u00e9m h\u00e1 o prot\u00f3tipo do sistema fotovoltaico, um painel de efici\u00eancia em ilumina\u00e7\u00e3o no qual os visitantes podem ver a diferen\u00e7a do consumo de energia el\u00e9trica entre l\u00e2mpadas diferentes.<\/p>\n<p>Outro destaque \u00e9 o reaproveitador de calor &#8211; um aparelho foi instalado em um chuveiro para que as pessoas o vejam em funcionamento. Um dos objetivos \u00e9 mostrar a possibilidade da elimina\u00e7\u00e3o do uso do chuveiro el\u00e9trico para aquecimento de \u00e1gua, que \u00e9 a maior pot\u00eancia instalada dentro de uma resid\u00eancia. <\/p>\n<p>Ao substituir o chuveiro el\u00e9trico por um com aquecimento t\u00e9rmico solar, o cliente pode reduzir em at\u00e9 40% o valor da conta, al\u00e9m de contribuir para preserva\u00e7\u00e3o ambiental, por meio da utiliza\u00e7\u00e3o de uma fonte de energia limpa e renov\u00e1vel, diminuindo ainda a sobrecarga de consumo no hor\u00e1rio de ponta.<\/p>\n<p>Esse projeto utiliza um caminh\u00e3o tipo ba\u00fa de 12 metros de comprimento por 4 de largura, 3,5 de altura e pesa 8 toneladas.<\/p>\n","protected":false},"excerpt":{"rendered":"<p>A Companhia Energ\u00e9tica de Minas Gerais \u2013 Cemig leva a Leme do Prado, nesta sexta-feira (27\/06), a unidade m\u00f3vel Efici\u00eancia Energ\u00e9tica, com o objetivo de orientar a popula\u00e7\u00e3o sobre como usar a energia de forma segura e eficiente. A apresenta\u00e7\u00e3o acontece das 9 \u00e0s 16 horas, na Pra\u00e7a Teodorino Ferreira, pr\u00f3ximo ao n\u00famero 10, no [&hellip;]<\/p>\n","protected":false},"author":1,"featured_media":13401,"comment_status":"open","ping_status":"closed","sticky":false,"template":"","format":"standard","meta":{"amp_status":"","footnotes":""},"categories":[120],"tags":[480,9688,9689],"class_list":["post-33080","post","type-post","status-publish","format-standard","has-post-thumbnail","hentry","category-jequi","tag-leme-do-prado","tag-leme-do-prado-recebe-nesta-sexta-feira-a-unidade-movel-eficiencia-energetica-da-cemig","tag-unidade-movel-eficiencia-energetica-da-cemig-em-leme-do-prado"],"_links":{"self":[{"href":"https:\/\/aconteceunovale.com.br\/portal\/index.php?rest_route=\/wp\/v2\/posts\/33080","targetHints":{"allow":["GET"]}}],"collection":[{"href":"https:\/\/aconteceunovale.com.br\/portal\/index.php?rest_route=\/wp\/v2\/posts"}],"about":[{"href":"https:\/\/aconteceunovale.com.br\/portal\/index.php?rest_route=\/wp\/v2\/types\/post"}],"author":[{"embeddable":true,"href":"https:\/\/aconteceunovale.com.br\/portal\/index.php?rest_route=\/wp\/v2\/users\/1"}],"replies":[{"embeddable":true,"href":"https:\/\/aconteceunovale.com.br\/portal\/index.php?rest_route=%2Fwp%2Fv2%2Fcomments&post=33080"}],"version-history":[{"count":0,"href":"https:\/\/aconteceunovale.com.br\/portal\/index.php?rest_route=\/wp\/v2\/posts\/33080\/revisions"}],"wp:featuredmedia":[{"embeddable":true,"href":"https:\/\/aconteceunovale.com.br\/portal\/index.php?rest_route=\/wp\/v2\/media\/13401"}],"wp:attachment":[{"href":"https:\/\/aconteceunovale.com.br\/portal\/index.php?rest_route=%2Fwp%2Fv2%2Fmedia&parent=33080"}],"wp:term":[{"taxonomy":"category","embeddable":true,"href":"https:\/\/aconteceunovale.com.br\/portal\/index.php?rest_route=%2Fwp%2Fv2%2Fcategories&post=33080"},{"taxonomy":"post_tag","embeddable":true,"href":"https:\/\/aconteceunovale.com.br\/portal\/index.php?rest_route=%2Fwp%2Fv2%2Ftags&post=33080"}],"curies":[{"name":"wp","href":"https:\/\/api.w.org\/{rel}","templated":true}]}}