{"id":33052,"date":"2014-06-26T20:47:19","date_gmt":"2014-06-26T23:47:19","guid":{"rendered":"http:\/\/aconteceunovale.com.br\/portal\/?p=33052"},"modified":"2014-06-26T20:47:19","modified_gmt":"2014-06-26T23:47:19","slug":"defesa-social-inaugura-centro-socioeducativo-e-anuncia-investimentos-para-o-vale-do-aco","status":"publish","type":"post","link":"https:\/\/aconteceunovale.com.br\/portal\/?p=33052","title":{"rendered":"Defesa Social inaugura centro socioeducativo e anuncia investimentos para o Vale do A\u00e7o"},"content":{"rendered":"<h4><strong>Espa\u00e7o com capacidade para receber 40 adolescentes do sexo masculino, autores de atos infracionais, foi inaugurado no munic\u00edpio de Ipatinga<\/strong><\/h4>\n<p><img decoding=\"async\" src=\"http:\/\/aconteceunovale.com.br\/portal\/wp-content\/uploads\/2014\/06\/inauguracao_ipatinga_26_6_1.jpg\" alt=\"\" \/><strong><em>Para adapta\u00e7\u00e3o do espa\u00e7o, foi investido cerca de R$ 1,5 milh\u00e3o em recursos estaduais &#8211; Foto: Divulga\u00e7\u00e3o\/Seds<\/em><\/strong><br \/>\n<\/br><\/p>\n<p>A cidade de Ipatinga, no Vale do A\u00e7o, passa a contar com uma unidade socioeducativa de interna\u00e7\u00e3o para adolescentes autores de atos infracionais. A unidade foi inaugurada nesta quinta-feira (26\/06) pelo secret\u00e1rio de Estado de Defesa Social, R\u00f4mulo de Carvalho Ferraz, em conjunto com autoridades locais. Tamb\u00e9m foram anunciadas a instala\u00e7\u00e3o do sistema de videomonitoramento e a constru\u00e7\u00e3o de Posto M\u00e9dico Legal, em Ipatinga, e a implanta\u00e7\u00e3o de um pres\u00eddio em A\u00e7ucena.<\/p>\n<p>O centro socioeducativo, com capacidade para 40 adolescentes do sexo masculino, foi implantado em um im\u00f3vel do Estado, localizado no centro do munic\u00edpio, ao lado da 1\u00aa Delegacia Regional. Para adapta\u00e7\u00e3o do espa\u00e7o, atendendo \u00e0s exig\u00eancias do Sistema Nacional de Atendimento Socioeducativo (Sinase), foi investido cerca de R$ 1,5 milh\u00e3o &#8211; recurso estadual.  <\/p>\n<p>De acordo com o secret\u00e1rio R\u00f4mulo Ferraz, a inaugura\u00e7\u00e3o da unidade cumpre o compromisso do Governo de oferecer ao Vale do A\u00e7o uma estrutura adequada para atendimento das medidas socioeducativas encaminhadas. \u201cSaio do Vale de A\u00e7o extremamente realizado de termos conseguido implantar essa unidade. Todos os adolescentes que tenham praticado crimes graves, como estupro e homic\u00eddio, e os que veem praticando reiteradamente roubos agora poder\u00e3o ser acautelados e com  perspectiva de recupera\u00e7\u00e3o. A estrutura oferecida pela unidade de Ipatinga \u00e9 um modelo muito avan\u00e7ado em rela\u00e7\u00e3o aos outros estados\u201d, destacou. <\/p>\n<p>Ainda segundo o secret\u00e1rio, o Governo fecha um ciclo no Vale do A\u00e7o em rela\u00e7\u00e3o ao socioeducativo. \u201cAl\u00e9m do centro socioeducativo, a Subsecretaria de Atendimento \u00e0s Medidas Socioeducativas (Suase) desenvolve junto \u00e0 prefeitura a pol\u00edtica de Meio Aberto, que \u00e9 de presta\u00e7\u00e3o de servi\u00e7os \u00e0 comunidade e liberdade assistida&#8221;, afirmou.<\/p>\n<p>Durante a solenidade de inaugura\u00e7\u00e3o, o secret\u00e1rio fez quest\u00e3o de agradecer \u00e0s pol\u00edcias Militar e Civil, Minist\u00e9rio P\u00fablico, Poder Judici\u00e1rio, Conselhos de Seguran\u00e7a P\u00fablica e munic\u00edpio, que trabalharam em conjunto para que o Centro Socioeducativo de Ipatinga entrasse em funcionamento.<\/p>\n<p><img decoding=\"async\" src=\"http:\/\/aconteceunovale.com.br\/portal\/wp-content\/uploads\/2014\/06\/inauguracao_ipatinga_26_6_2.jpg\" alt=\"\" \/><strong><em>Para adapta\u00e7\u00e3o do espa\u00e7o, foi investido cerca de R$ 1,5 milh\u00e3o em recursos estaduais &#8211; Foto: Divulga\u00e7\u00e3o\/Seds<\/em><\/strong><br \/>\n<\/br><\/p>\n<h4><strong>Estrutura do centro socioeducativo<\/strong><\/h4>\n<p>O centro socioeducativo, que atender\u00e1 os adolescentes da regi\u00e3o, possui salas para oficina, consult\u00f3rios m\u00e9dico e odontol\u00f3gico, salas de atendimento, quadras esportivas, escola formal, biblioteca, espa\u00e7o reservado para visitas de familiares, al\u00e9m das instala\u00e7\u00f5es para a administra\u00e7\u00e3o, refeit\u00f3rio e alojamentos. O local conta ainda com uma equipe especializada formada por psic\u00f3logos, pedagogos, assistentes sociais, terapeuta ocupacional e advogados. A gest\u00e3o administrativa da unidade \u00e9 da Suase.<\/p>\n<p>Com a inaugura\u00e7\u00e3o da unidade socioeducativa de Ipatinga, os adolescentes que hoje est\u00e3o acautelados no Centro de Interna\u00e7\u00e3o Provis\u00f3ria, em A\u00e7ucena, ser\u00e3o transferidos gradativamente, j\u00e1 a partir da pr\u00f3xima semana, para a nova unidade. \u201cInauguramos uma nova realidade. Vamos desenvolver nesta unidade n\u00e3o somente uma resposta efetiva ato infracional praticado pelo adolescente, mas a\u00e7\u00f5es que o habilite, o responsabilize e o torne apto a uma constru\u00e7\u00e3o positiva e produtiva junto \u00e0 comunidade do Vale do A\u00e7o\u201d, afirmou a subsecretaria de Atendimento \u00e0s Medidas Socioeducativas, Gisele Ciryllo.<\/p>\n<p>Al\u00e9m de Ipatinga, outros quatro centros socioeducativos para a interna\u00e7\u00e3o de adolescentes em conflito com a lei ser\u00e3o inaugurados at\u00e9 o final de 2014 nos munic\u00edpios de Passos, Jana\u00faba, Vespasiano, Tupaciguara. Cada um deles ter\u00e1 capacidade para 40 adolescentes.<\/p>\n<h4><strong>Investimentos do Estado<\/strong><\/h4>\n<p>Durante sua passagem por Ipatinga, o secret\u00e1rio de Defesa Social se reuniu, na sede da Ag\u00eancia Metropolitana de Ipatinga, com prefeitos, ju\u00edzes representantes das pol\u00edcias Civil e Militar para discutir a\u00e7\u00f5es de preven\u00e7\u00e3o e repress\u00e3o \u00e0 criminalidade na regi\u00e3o. Na reuni\u00e3o, ficou definido que a o local onde funciona o Centro de Interna\u00e7\u00e3o de A\u00e7ucena ser\u00e1 transformado em pres\u00eddio e atender\u00e1 as demandas de A\u00e7ucena, Naque e Belo Oriente.<\/p>\n<p>Tamb\u00e9m ser\u00e3o instaladas 32 c\u00e2meras videomonitoramento em Ipatinga. Os equipamentos ser\u00e3o licitados pela Pol\u00edcia Militar, e dever\u00e3o ser instalados nos pr\u00f3ximos meses. Para Coronel Fabriciano e Tim\u00f3teo, o secret\u00e1rio disse que ser\u00e3o feitos estudos pela Pol\u00edcia Militar dos locais e do n\u00famero de c\u00e2meras necess\u00e1rio para as cidades.<\/p>\n<p>No \u00e2mbito da Pol\u00edcia Civil, al\u00e9m da amplia\u00e7\u00e3o da Delegacia Regional, a cidade de Ipatinga, ser\u00e1 contemplada com uma estrutura adequada para o Instituto M\u00e9dico Legal (IML). \u201cEstamos canalizando recursos da ordem de R$ 500 mil para implanta\u00e7\u00e3o do IML, que \u00e9 um problema hist\u00f3rico\u201d, destacou R\u00f4mulo Ferraz. Segundo ele, o terreno j\u00e1 foi doado pelo munic\u00edpio.<\/p>\n<p><img decoding=\"async\" src=\"http:\/\/aconteceunovale.com.br\/portal\/wp-content\/uploads\/2014\/06\/inauguracao_ipatinga_26_6_3.jpg\" alt=\"\" \/><strong><em>O secret\u00e1rio R\u00f4mulo Ferraz destacou o compromisso do Estado para a entrega da estrutura \u00e0 regi\u00e3o &#8211; Foto: Divulga\u00e7\u00e3o\/Seds<\/em><\/strong><\/p>\n","protected":false},"excerpt":{"rendered":"<p>Espa\u00e7o com capacidade para receber 40 adolescentes do sexo masculino, autores de atos infracionais, foi inaugurado no munic\u00edpio de Ipatinga Para adapta\u00e7\u00e3o do espa\u00e7o, foi investido cerca de R$ 1,5 milh\u00e3o em recursos estaduais &#8211; Foto: Divulga\u00e7\u00e3o\/Seds A cidade de Ipatinga, no Vale do A\u00e7o, passa a contar com uma unidade socioeducativa de interna\u00e7\u00e3o para [&hellip;]<\/p>\n","protected":false},"author":1,"featured_media":33053,"comment_status":"open","ping_status":"closed","sticky":false,"template":"","format":"standard","meta":{"amp_status":"","footnotes":""},"categories":[121],"tags":[9588,1524,9670,1018,201,204,213,1105,1550,1778],"class_list":["post-33052","post","type-post","status-publish","format-standard","has-post-thumbnail","hentry","category-leste","tag-centro-socioeducativo-de-ipatinga","tag-coronel-fabriciano","tag-defesa-social-inaugura-centro-socioeducativo-e-anuncia-investimentos-para-o-vale-do-aco","tag-destaque","tag-ipatinga","tag-janauba","tag-passos","tag-timoteo","tag-tupaciguara","tag-vespasiano"],"_links":{"self":[{"href":"https:\/\/aconteceunovale.com.br\/portal\/index.php?rest_route=\/wp\/v2\/posts\/33052","targetHints":{"allow":["GET"]}}],"collection":[{"href":"https:\/\/aconteceunovale.com.br\/portal\/index.php?rest_route=\/wp\/v2\/posts"}],"about":[{"href":"https:\/\/aconteceunovale.com.br\/portal\/index.php?rest_route=\/wp\/v2\/types\/post"}],"author":[{"embeddable":true,"href":"https:\/\/aconteceunovale.com.br\/portal\/index.php?rest_route=\/wp\/v2\/users\/1"}],"replies":[{"embeddable":true,"href":"https:\/\/aconteceunovale.com.br\/portal\/index.php?rest_route=%2Fwp%2Fv2%2Fcomments&post=33052"}],"version-history":[{"count":0,"href":"https:\/\/aconteceunovale.com.br\/portal\/index.php?rest_route=\/wp\/v2\/posts\/33052\/revisions"}],"wp:featuredmedia":[{"embeddable":true,"href":"https:\/\/aconteceunovale.com.br\/portal\/index.php?rest_route=\/wp\/v2\/media\/33053"}],"wp:attachment":[{"href":"https:\/\/aconteceunovale.com.br\/portal\/index.php?rest_route=%2Fwp%2Fv2%2Fmedia&parent=33052"}],"wp:term":[{"taxonomy":"category","embeddable":true,"href":"https:\/\/aconteceunovale.com.br\/portal\/index.php?rest_route=%2Fwp%2Fv2%2Fcategories&post=33052"},{"taxonomy":"post_tag","embeddable":true,"href":"https:\/\/aconteceunovale.com.br\/portal\/index.php?rest_route=%2Fwp%2Fv2%2Ftags&post=33052"}],"curies":[{"name":"wp","href":"https:\/\/api.w.org\/{rel}","templated":true}]}}