{"id":33047,"date":"2014-06-26T20:32:18","date_gmt":"2014-06-26T23:32:18","guid":{"rendered":"http:\/\/aconteceunovale.com.br\/portal\/?p=33047"},"modified":"2014-06-26T20:32:18","modified_gmt":"2014-06-26T23:32:18","slug":"projeto-incentiva-a-producao-artesanal-de-ceramica-em-conceicao-do-mato-dentro","status":"publish","type":"post","link":"https:\/\/aconteceunovale.com.br\/portal\/?p=33047","title":{"rendered":"Projeto incentiva a produ\u00e7\u00e3o artesanal de cer\u00e2mica em Concei\u00e7\u00e3o do Mato Dentro"},"content":{"rendered":"<p>A Prefeitura Municipal de Concei\u00e7\u00e3o do Mato Dentro inicia na pr\u00f3xima semana o projeto \u201cTerra Boa Cer\u00e2mica\u201d. Com a proposta de capacitar os meeiros do Posto Agropecu\u00e1rio do munic\u00edpio e membros da comunidade que recebem acompanhamento socioassistencial, ser\u00e1 ministrado o curso de arte em cer\u00e2mica, incentivando a pr\u00e1tica da produ\u00e7\u00e3o artesanal dos produtos, ressaltando a exist\u00eancia da mat\u00e9ria prima de \u00f3tima qualidade e em quantidade adequada no munic\u00edpio.<\/p>\n<p>As oficinas ser\u00e3o realizadas atrav\u00e9s do \u201cProjeto Arte e Cultura Cidad\u00e3\u201d do Studio Z&#038;Z, empresa contratada para desenvolver o curso. De acordo com a apresenta\u00e7\u00e3o do projeto, \u201cn\u00e3o se trata somente da difus\u00e3o de t\u00e9cnicas novas, mas de se promover a apropria\u00e7\u00e3o cidad\u00e3 da identidade cultural e sua transforma\u00e7\u00e3o em produtos artesanais que retratem a hist\u00f3ria e a vida da comunidade, contribuindo para a constru\u00e7\u00e3o do capital social necess\u00e1rio ao empoderamento do grupo\u201d.<\/p>\n<p>O projeto ainda apresenta uma alternativa de melhoria de renda, promove a inclus\u00e3o social e prop\u00f5e a forma\u00e7\u00e3o de agentes multiplicadores dos of\u00edcios culturais e art\u00edsticos.<\/p>\n<p>O curso de cer\u00e2mica atender\u00e1 inicialmente 15 pessoas no per\u00edodo noturno, por\u00e9m as inscri\u00e7\u00f5es para os per\u00edodos diurnos j\u00e1 est\u00e3o abertas. Os interessados devem fazer parte dos grupos benefici\u00e1rios da Secretaria Municipal de Desenvolvimento Social. As inscri\u00e7\u00f5es acontecem na SMDS de segunda \u00e0 sexta, das 9h \u00e0s 17h. A dura\u00e7\u00e3o do curso \u00e9 de seis meses.<\/p>\n<p><strong>Servi\u00e7o:<\/strong> SMDS<br \/>\nRua Doutor Bas\u00edlio Santiago, 91 \u2013 Centro<br \/>\nTelefone: (31) 3868-2880<\/p>\n<p><img decoding=\"async\" src=\"http:\/\/aconteceunovale.com.br\/portal\/wp-content\/uploads\/2014\/06\/aprenda_ceramica_cmd_14.jpg\" alt=\"\" \/><\/p>\n","protected":false},"excerpt":{"rendered":"<p>A Prefeitura Municipal de Concei\u00e7\u00e3o do Mato Dentro inicia na pr\u00f3xima semana o projeto \u201cTerra Boa Cer\u00e2mica\u201d. Com a proposta de capacitar os meeiros do Posto Agropecu\u00e1rio do munic\u00edpio e membros da comunidade que recebem acompanhamento socioassistencial, ser\u00e1 ministrado o curso de arte em cer\u00e2mica, incentivando a pr\u00e1tica da produ\u00e7\u00e3o artesanal dos produtos, ressaltando a [&hellip;]<\/p>\n","protected":false},"author":1,"featured_media":33048,"comment_status":"open","ping_status":"closed","sticky":false,"template":"","format":"standard","meta":{"amp_status":"","footnotes":""},"categories":[6],"tags":[628,9667,9668],"class_list":["post-33047","post","type-post","status-publish","format-standard","has-post-thumbnail","hentry","category-br","tag-conceicao-do-mato-dentro","tag-projeto-incentiva-a-producao-artesanal-de-ceramica-em-conceicao-do-mato-dentro","tag-terra-boa-ceramica"],"_links":{"self":[{"href":"https:\/\/aconteceunovale.com.br\/portal\/index.php?rest_route=\/wp\/v2\/posts\/33047","targetHints":{"allow":["GET"]}}],"collection":[{"href":"https:\/\/aconteceunovale.com.br\/portal\/index.php?rest_route=\/wp\/v2\/posts"}],"about":[{"href":"https:\/\/aconteceunovale.com.br\/portal\/index.php?rest_route=\/wp\/v2\/types\/post"}],"author":[{"embeddable":true,"href":"https:\/\/aconteceunovale.com.br\/portal\/index.php?rest_route=\/wp\/v2\/users\/1"}],"replies":[{"embeddable":true,"href":"https:\/\/aconteceunovale.com.br\/portal\/index.php?rest_route=%2Fwp%2Fv2%2Fcomments&post=33047"}],"version-history":[{"count":0,"href":"https:\/\/aconteceunovale.com.br\/portal\/index.php?rest_route=\/wp\/v2\/posts\/33047\/revisions"}],"wp:featuredmedia":[{"embeddable":true,"href":"https:\/\/aconteceunovale.com.br\/portal\/index.php?rest_route=\/wp\/v2\/media\/33048"}],"wp:attachment":[{"href":"https:\/\/aconteceunovale.com.br\/portal\/index.php?rest_route=%2Fwp%2Fv2%2Fmedia&parent=33047"}],"wp:term":[{"taxonomy":"category","embeddable":true,"href":"https:\/\/aconteceunovale.com.br\/portal\/index.php?rest_route=%2Fwp%2Fv2%2Fcategories&post=33047"},{"taxonomy":"post_tag","embeddable":true,"href":"https:\/\/aconteceunovale.com.br\/portal\/index.php?rest_route=%2Fwp%2Fv2%2Ftags&post=33047"}],"curies":[{"name":"wp","href":"https:\/\/api.w.org\/{rel}","templated":true}]}}