{"id":33035,"date":"2014-06-26T15:48:36","date_gmt":"2014-06-26T18:48:36","guid":{"rendered":"http:\/\/aconteceunovale.com.br\/portal\/?p=33035"},"modified":"2014-06-26T15:48:36","modified_gmt":"2014-06-26T18:48:36","slug":"infratores-ficam-feridos-em-acidente-durante-perseguicao-policial-em-montes-claros","status":"publish","type":"post","link":"https:\/\/aconteceunovale.com.br\/portal\/?p=33035","title":{"rendered":"Infratores ficam feridos em acidente durante persegui\u00e7\u00e3o policial em Montes Claros"},"content":{"rendered":"<h4><strong>Suspeitos trafegavam na contram\u00e3o da via e colidiram com um ve\u00edculo. Segundo a PM, os indiv\u00edduos possuem passagem pela pol\u00edcia.<\/strong><\/h4>\n<p>Dois jovens de 18 e 21 anos ficaram feridos ao colidirem uma motocicleta contra um carro durante uma persegui\u00e7\u00e3o policial na noite desta quarta-feira, 25 de junho, no Bairro C\u00e2ndida C\u00e2mara, em Montes Claros\/MG.<\/p>\n<p>Segundo informa\u00e7\u00f5es da PM, os jovens estavam no Bairro S\u00e3o Geraldo e empreenderam fuga ap\u00f3s avistar viatura da Pol\u00edcia Militar. Eles percorreram em alta velocidade pelos bairros Major Prates, Morada do Parque at\u00e9 transitarem na contram\u00e3o na Rua Juca Macedo e vieram a colidir lateralmente com outro ve\u00edculo.<\/p>\n<p>Ainda segundo a PM, quando abordados foi verificado que o condutor possui passagem por roubo a m\u00e3o armada, e o passageiro possui tr\u00eas registros de pris\u00f5es.<\/p>\n<p>Os dois sofreram ferimentos e foram sorridos pelo Corpo de Bombeiros e SAMU e encaminhados para um hospital da cidade, onde permanecem sob cuidados m\u00e9dicos.<\/p>\n<p><img decoding=\"async\" src=\"http:\/\/aconteceunovale.com.br\/portal\/wp-content\/uploads\/2014\/06\/fugitivos_feridos_moc_25_6_1.jpg\" alt=\"\" \/><em>(Foto: Thiago Felipe \/ Eventos Moc)<\/em><br \/>\n<\/br><\/p>\n<p><img decoding=\"async\" src=\"http:\/\/aconteceunovale.com.br\/portal\/wp-content\/uploads\/2014\/06\/fugitivos_feridos_moc_25_6_2.jpg\" alt=\"\" \/><em>(Foto: Thiago Felipe \/ Eventos Moc)<\/em><br \/>\n<\/br><\/p>\n<p><img decoding=\"async\" src=\"http:\/\/aconteceunovale.com.br\/portal\/wp-content\/uploads\/2014\/06\/fugitivos_feridos_moc_25_6_3.jpg\" alt=\"\" \/><em>(Foto: Thiago Felipe \/ Eventos Moc)<\/em><br \/>\n<\/br><\/p>\n<p><strong><em>(Inter TV Grande Minas)<\/em><\/strong><\/p>\n","protected":false},"excerpt":{"rendered":"<p>Suspeitos trafegavam na contram\u00e3o da via e colidiram com um ve\u00edculo. Segundo a PM, os indiv\u00edduos possuem passagem pela pol\u00edcia. Dois jovens de 18 e 21 anos ficaram feridos ao colidirem uma motocicleta contra um carro durante uma persegui\u00e7\u00e3o policial na noite desta quarta-feira, 25 de junho, no Bairro C\u00e2ndida C\u00e2mara, em Montes Claros\/MG. Segundo [&hellip;]<\/p>\n","protected":false},"author":1,"featured_media":33036,"comment_status":"open","ping_status":"closed","sticky":false,"template":"","format":"standard","meta":{"amp_status":"","footnotes":""},"categories":[1236],"tags":[1018,9659,210],"class_list":["post-33035","post","type-post","status-publish","format-standard","has-post-thumbnail","hentry","category-norte_de_minas","tag-destaque","tag-infratores-ficam-feridos-em-acidente-durante-perseguicao-policial-em-montes-claros","tag-montes-claros"],"_links":{"self":[{"href":"https:\/\/aconteceunovale.com.br\/portal\/index.php?rest_route=\/wp\/v2\/posts\/33035","targetHints":{"allow":["GET"]}}],"collection":[{"href":"https:\/\/aconteceunovale.com.br\/portal\/index.php?rest_route=\/wp\/v2\/posts"}],"about":[{"href":"https:\/\/aconteceunovale.com.br\/portal\/index.php?rest_route=\/wp\/v2\/types\/post"}],"author":[{"embeddable":true,"href":"https:\/\/aconteceunovale.com.br\/portal\/index.php?rest_route=\/wp\/v2\/users\/1"}],"replies":[{"embeddable":true,"href":"https:\/\/aconteceunovale.com.br\/portal\/index.php?rest_route=%2Fwp%2Fv2%2Fcomments&post=33035"}],"version-history":[{"count":0,"href":"https:\/\/aconteceunovale.com.br\/portal\/index.php?rest_route=\/wp\/v2\/posts\/33035\/revisions"}],"wp:featuredmedia":[{"embeddable":true,"href":"https:\/\/aconteceunovale.com.br\/portal\/index.php?rest_route=\/wp\/v2\/media\/33036"}],"wp:attachment":[{"href":"https:\/\/aconteceunovale.com.br\/portal\/index.php?rest_route=%2Fwp%2Fv2%2Fmedia&parent=33035"}],"wp:term":[{"taxonomy":"category","embeddable":true,"href":"https:\/\/aconteceunovale.com.br\/portal\/index.php?rest_route=%2Fwp%2Fv2%2Fcategories&post=33035"},{"taxonomy":"post_tag","embeddable":true,"href":"https:\/\/aconteceunovale.com.br\/portal\/index.php?rest_route=%2Fwp%2Fv2%2Ftags&post=33035"}],"curies":[{"name":"wp","href":"https:\/\/api.w.org\/{rel}","templated":true}]}}