{"id":33032,"date":"2014-06-26T15:36:21","date_gmt":"2014-06-26T18:36:21","guid":{"rendered":"http:\/\/aconteceunovale.com.br\/portal\/?p=33032"},"modified":"2014-06-26T15:36:21","modified_gmt":"2014-06-26T18:36:21","slug":"instituto-mineiro-de-agropecuaria-vai-fiscalizar-573-propriedades-durante-o-vazio-sanitario-da-soja","status":"publish","type":"post","link":"https:\/\/aconteceunovale.com.br\/portal\/?p=33032","title":{"rendered":"Instituto Mineiro de Agropecu\u00e1ria vai fiscalizar 573 propriedades durante o vazio sanit\u00e1rio da soja"},"content":{"rendered":"<h4><strong>Medida preventiva deve ser aplicada a partir da pr\u00f3xima ter\u00e7a-feira (01\/07) em 11 estados produtores. O maior produtor mineiro do gr\u00e3o \u00e9 o munic\u00edpio de Una\u00ed<\/strong><\/h4>\n<p>Fiscais do Instituto Mineiro de Agropecu\u00e1ria (IMA) estar\u00e3o em campo a partir da pr\u00f3xima ter\u00e7a-feira (01\/07) para fiscalizar o vazio sanit\u00e1rio da soja, per\u00edodo em que fica proibida a presen\u00e7a de plantas vivas da oleaginosa. A proibi\u00e7\u00e3o \u00e9 v\u00e1lida at\u00e9 30 de setembro e os produtores t\u00eam o papel de cumprir as normas na sua propriedade, al\u00e9m de denunciar a pr\u00e1tica irregular em propriedades vizinhas.<\/p>\n<p>O vazio sanit\u00e1rio \u00e9 uma medida sanit\u00e1ria no manejo da ferrugem asi\u00e1tica que vem sendo adotada em 11 estados produtores de soja (Paran\u00e1, Tocantins, Maranh\u00e3o, Bahia, Goi\u00e1s, Mato Grosso, Mato Grosso do Sul, Distrito Federal, S\u00e3o Paulo, Minas Gerais e Santa Catarina). A soja \u00e9 o segundo gr\u00e3o mais cultivado em Minas Gerais, atr\u00e1s apenas do milho. O maior produtor mineiro do gr\u00e3o \u00e9 o munic\u00edpio de Una\u00ed, seguido por Uberaba, Buritis, Uberl\u00e2ndia e Guarda-Mor.<\/p>\n<p>O diretor-geral do IMA, Altino Rodrigues Neto, afirma que esta medida \u00e9 uma precau\u00e7\u00e3o. &#8220;\u00c9 importante que o controle da ferrugem asi\u00e1tica seja preventivo, uma vez que o combate a doen\u00e7as como esta tende a aumentar a competitividade da soja brasileira&#8221;, alega.<\/p>\n<p>\u00c9 fun\u00e7\u00e3o do produtor rural destruir todas as plantas de soja na \u00e9poca do vazio sanit\u00e1rio seja com produtos qu\u00edmicos ou m\u00e9todos alternativos de manejo. A elimina\u00e7\u00e3o \u00e9 necess\u00e1ria para que o fungo n\u00e3o se reproduza em plantas remanescentes.<\/p>\n<p>A elimina\u00e7\u00e3o de plantas durante o per\u00edodo do vazio sanit\u00e1rio n\u00e3o \u00e9 um preju\u00edzo para o produtor. Pelo contr\u00e1rio. Ter\u00e1 menos gastos com agrot\u00f3xicos e consequentemente uma redu\u00e7\u00e3o de custos de produ\u00e7\u00e3o.<\/p>\n<p>A meta para este ano \u00e9 que 573 propriedades sejam fiscalizadas. Quem n\u00e3o atender \u00e0s determina\u00e7\u00f5es poder\u00e1 ser autuado e multado. Em 2013, o IMA fiscalizou 574 propriedades. A partir das a\u00e7\u00f5es de fiscaliza\u00e7\u00e3o, 105 produtores foram notificados e apenas sete autuados. (Ag\u00eancia Minas)<\/p>\n","protected":false},"excerpt":{"rendered":"<p>Medida preventiva deve ser aplicada a partir da pr\u00f3xima ter\u00e7a-feira (01\/07) em 11 estados produtores. O maior produtor mineiro do gr\u00e3o \u00e9 o munic\u00edpio de Una\u00ed Fiscais do Instituto Mineiro de Agropecu\u00e1ria (IMA) estar\u00e3o em campo a partir da pr\u00f3xima ter\u00e7a-feira (01\/07) para fiscalizar o vazio sanit\u00e1rio da soja, per\u00edodo em que fica proibida a [&hellip;]<\/p>\n","protected":false},"author":1,"featured_media":33033,"comment_status":"open","ping_status":"closed","sticky":false,"template":"","format":"standard","meta":{"amp_status":"","footnotes":""},"categories":[123],"tags":[9658,222],"class_list":["post-33032","post","type-post","status-publish","format-standard","has-post-thumbnail","hentry","category-gerais","tag-instituto-mineiro-de-agropecuaria-vai-fiscalizar-573-propriedades-durante-o-vazio-sanitario-da-soja","tag-unai"],"_links":{"self":[{"href":"https:\/\/aconteceunovale.com.br\/portal\/index.php?rest_route=\/wp\/v2\/posts\/33032","targetHints":{"allow":["GET"]}}],"collection":[{"href":"https:\/\/aconteceunovale.com.br\/portal\/index.php?rest_route=\/wp\/v2\/posts"}],"about":[{"href":"https:\/\/aconteceunovale.com.br\/portal\/index.php?rest_route=\/wp\/v2\/types\/post"}],"author":[{"embeddable":true,"href":"https:\/\/aconteceunovale.com.br\/portal\/index.php?rest_route=\/wp\/v2\/users\/1"}],"replies":[{"embeddable":true,"href":"https:\/\/aconteceunovale.com.br\/portal\/index.php?rest_route=%2Fwp%2Fv2%2Fcomments&post=33032"}],"version-history":[{"count":0,"href":"https:\/\/aconteceunovale.com.br\/portal\/index.php?rest_route=\/wp\/v2\/posts\/33032\/revisions"}],"wp:featuredmedia":[{"embeddable":true,"href":"https:\/\/aconteceunovale.com.br\/portal\/index.php?rest_route=\/wp\/v2\/media\/33033"}],"wp:attachment":[{"href":"https:\/\/aconteceunovale.com.br\/portal\/index.php?rest_route=%2Fwp%2Fv2%2Fmedia&parent=33032"}],"wp:term":[{"taxonomy":"category","embeddable":true,"href":"https:\/\/aconteceunovale.com.br\/portal\/index.php?rest_route=%2Fwp%2Fv2%2Fcategories&post=33032"},{"taxonomy":"post_tag","embeddable":true,"href":"https:\/\/aconteceunovale.com.br\/portal\/index.php?rest_route=%2Fwp%2Fv2%2Ftags&post=33032"}],"curies":[{"name":"wp","href":"https:\/\/api.w.org\/{rel}","templated":true}]}}