{"id":33018,"date":"2014-06-26T12:17:23","date_gmt":"2014-06-26T15:17:23","guid":{"rendered":"http:\/\/aconteceunovale.com.br\/portal\/?p=33018"},"modified":"2014-06-26T12:17:23","modified_gmt":"2014-06-26T15:17:23","slug":"tribunal-de-justica-de-minas-gerais-suspende-liminar-que-proibia-cerco-da-pm-a-manifestantes-em-bh","status":"publish","type":"post","link":"https:\/\/aconteceunovale.com.br\/portal\/?p=33018","title":{"rendered":"Tribunal de Justi\u00e7a de Minas Gerais suspende liminar que proibia cerco da PM a manifestantes em BH"},"content":{"rendered":"<p>O Tribunal de Justi\u00e7a de Minas Gerais (TJMG) suspendeu, nesta quinta-feira (26), a liminar que limitava a a\u00e7\u00e3o da Pol\u00edcia Militar (PM) no exerc\u00edcio de sua miss\u00e3o constitucional de promover a ordem e a seguran\u00e7a p\u00fablica em manifesta\u00e7\u00f5es populares realizadas no estado, de acordo com a Superintend\u00eancia Central de Imprensa do Governo do Estado de Minas Gerais.<\/p>\n<p>A suspens\u00e3o atende a medida judicial proposta pela Advocacia Geral do Estado (AGE). Conforme a decis\u00e3o, proferida pelo presidente do TJMG, desembargador Joaquim Herculano Rodrigues, \u201ca gravidade e a contund\u00eancia da atua\u00e7\u00e3o criminosa eventualmente infiltrada nos movimentos populares\u201d, justifica.<\/p>\n<p>Em entrevista a uma r\u00e1dio mineira, o tenente-coronel Alberto Luiz, chefe de comunica\u00e7\u00e3o da PMMG, com liminar ou sem, a pol\u00edcia n\u00e3o ir\u00e1 permitir que depreda\u00e7\u00f5es e vandalismo voltem a acontecer em Belo Horizonte.<\/p>\n<p>Os integrantes do Comit\u00ea Popular dos Atingidos pela Copa (COPA), lamentaram a nova decis\u00e3o, mas disseram j\u00e1 esperar por esta postura da Justi\u00e7a. &#8220;Estamos rasgando a nossa constitui\u00e7\u00e3o. Esse tipo de pratica (o &#8220;envelopamento&#8221; dos manifestantes) \u00e9 inaceitavel, cerceia de todas as formas as manifesta\u00e7\u00f5es. Estamos vendo o judici\u00e1rio declarando de estado de exce\u00e7\u00e3o Fifa, um momento ditatorial. Fica, assim, declarado por parte do jurista, a suspens\u00e3o do nosso direito e garantia constitucionais&#8221;, criticou Amanda Medeiros.<\/p>\n<p>O COPAC ainda ir\u00e1 se reunir para definir se ir\u00e1 recorrer da nova decis\u00e3o.<\/p>\n<p><img decoding=\"async\" src=\"http:\/\/aconteceunovale.com.br\/portal\/wp-content\/uploads\/2014\/06\/cerco_pm_proibido_2.jpg\" alt=\"\" \/><em>(Foto: Reprodu\u00e7\u00e3o \/ Jornal O Tempo)<\/em><br \/>\n<\/br><\/p>\n<h4><strong>Relembre<\/strong><\/h4>\n<p>A a\u00e7\u00e3o, proposta pelo advogado Thales Augusto Nascimento Viote, que entrou com um mandado de seguran\u00e7a coletivo na 7\u00aa Vara de Fazenda P\u00fablica do Estado de Minas Gerais pedindo o fim dos cercos policiais, obteve parecer favor\u00e1vel do juiz Ronaldo Claret de Moraes nessa segunda-feira (23). A liminar foi comemorada pelos movimentos sociais, que escreveu um manifesto comemorando a decis\u00e3o, finalizado com &#8220;um salve para a advocacia popular e os movimentos organizados que, juntos, fizeram um gol a favor do povo.&#8221;<\/p>\n<p><em>(Superintend\u00eancia Central de Imprensa do Governo do Estado de Minas Gerais \/ O Tempo)<\/em><\/p>\n","protected":false},"excerpt":{"rendered":"<p>O Tribunal de Justi\u00e7a de Minas Gerais (TJMG) suspendeu, nesta quinta-feira (26), a liminar que limitava a a\u00e7\u00e3o da Pol\u00edcia Militar (PM) no exerc\u00edcio de sua miss\u00e3o constitucional de promover a ordem e a seguran\u00e7a p\u00fablica em manifesta\u00e7\u00f5es populares realizadas no estado, de acordo com a Superintend\u00eancia Central de Imprensa do Governo do Estado de [&hellip;]<\/p>\n","protected":false},"author":1,"featured_media":32864,"comment_status":"open","ping_status":"closed","sticky":false,"template":"","format":"standard","meta":{"amp_status":"","footnotes":""},"categories":[123],"tags":[1018,9652,9651],"class_list":["post-33018","post","type-post","status-publish","format-standard","has-post-thumbnail","hentry","category-gerais","tag-destaque","tag-o-tribunal-de-justica-de-minas-gerais-tjmg-suspendeu-a-liminar-que-limitava-a-acao-da-policia-militar-pm-no-exercicio-de-sua-missao-constitucional-de-promover-a-ordem-e-a-seguranca-publica-em-mani","tag-tribunal-de-justica-de-minas-gerais-suspende-liminar-que-proibia-cerco-da-pm-a-manifestantes-em-bh"],"_links":{"self":[{"href":"https:\/\/aconteceunovale.com.br\/portal\/index.php?rest_route=\/wp\/v2\/posts\/33018","targetHints":{"allow":["GET"]}}],"collection":[{"href":"https:\/\/aconteceunovale.com.br\/portal\/index.php?rest_route=\/wp\/v2\/posts"}],"about":[{"href":"https:\/\/aconteceunovale.com.br\/portal\/index.php?rest_route=\/wp\/v2\/types\/post"}],"author":[{"embeddable":true,"href":"https:\/\/aconteceunovale.com.br\/portal\/index.php?rest_route=\/wp\/v2\/users\/1"}],"replies":[{"embeddable":true,"href":"https:\/\/aconteceunovale.com.br\/portal\/index.php?rest_route=%2Fwp%2Fv2%2Fcomments&post=33018"}],"version-history":[{"count":0,"href":"https:\/\/aconteceunovale.com.br\/portal\/index.php?rest_route=\/wp\/v2\/posts\/33018\/revisions"}],"wp:featuredmedia":[{"embeddable":true,"href":"https:\/\/aconteceunovale.com.br\/portal\/index.php?rest_route=\/wp\/v2\/media\/32864"}],"wp:attachment":[{"href":"https:\/\/aconteceunovale.com.br\/portal\/index.php?rest_route=%2Fwp%2Fv2%2Fmedia&parent=33018"}],"wp:term":[{"taxonomy":"category","embeddable":true,"href":"https:\/\/aconteceunovale.com.br\/portal\/index.php?rest_route=%2Fwp%2Fv2%2Fcategories&post=33018"},{"taxonomy":"post_tag","embeddable":true,"href":"https:\/\/aconteceunovale.com.br\/portal\/index.php?rest_route=%2Fwp%2Fv2%2Ftags&post=33018"}],"curies":[{"name":"wp","href":"https:\/\/api.w.org\/{rel}","templated":true}]}}