{"id":33004,"date":"2014-06-26T11:29:00","date_gmt":"2014-06-26T14:29:00","guid":{"rendered":"http:\/\/aconteceunovale.com.br\/portal\/?p=33004"},"modified":"2014-06-26T11:29:00","modified_gmt":"2014-06-26T14:29:00","slug":"carreta-de-soja-desvia-de-outro-veiculo-sai-da-pista-e-tomba-na-br-365","status":"publish","type":"post","link":"https:\/\/aconteceunovale.com.br\/portal\/?p=33004","title":{"rendered":"Carreta de soja desvia de outro ve\u00edculo, sai da pista e tomba na BR-365"},"content":{"rendered":"<p>Uma carreta de soja que trafegava sentido Patos de Minas tombou nesta quarta-feira (25) na BR-365, pr\u00f3ximo a Buritizeiro.<\/p>\n<p>Segundo a PRF, o condutor explicou que tentou desviar de outra carreta que fez uma ultrapassagem proibida. Com isso, a carreta carregada de soja saiu da pista e toda a carga caiu \u00e0s margens da rodovia. N\u00e3o houve necessidade de interditar a pista.<\/p>\n<p>Ainda de acordo com a PRF, o condutor nada sofreu.<\/p>\n<h4><strong>Animal na pista<\/strong><\/h4>\n<p>Um carro de passeio bateu em um cavalo que invadiu a pista na BR-251, pr\u00f3ximo a Francisco S\u00e1(MG) nesta quarta-feira (25).<\/p>\n<p>Segundo a PRF, ocorr\u00eancias deste tipo s\u00e3o comuns naquela regi\u00e3o, por causa dos criadores que soltam os animais nas pastagens. A PRF informou tamb\u00e9m que o condutor nada sofreu. (G1)<\/p>\n","protected":false},"excerpt":{"rendered":"<p>Uma carreta de soja que trafegava sentido Patos de Minas tombou nesta quarta-feira (25) na BR-365, pr\u00f3ximo a Buritizeiro. Segundo a PRF, o condutor explicou que tentou desviar de outra carreta que fez uma ultrapassagem proibida. Com isso, a carreta carregada de soja saiu da pista e toda a carga caiu \u00e0s margens da rodovia. [&hellip;]<\/p>\n","protected":false},"author":1,"featured_media":33005,"comment_status":"open","ping_status":"closed","sticky":false,"template":"","format":"standard","meta":{"amp_status":"","footnotes":""},"categories":[1236],"tags":[1535,1395,9642],"class_list":["post-33004","post","type-post","status-publish","format-standard","has-post-thumbnail","hentry","category-norte_de_minas","tag-buritizeiro","tag-francisco-sa","tag-uma-carreta-de-soja-que-trafegava-sentido-patos-de-minas-tombou-nesta-quarta-feira-25-na-br-365"],"_links":{"self":[{"href":"https:\/\/aconteceunovale.com.br\/portal\/index.php?rest_route=\/wp\/v2\/posts\/33004","targetHints":{"allow":["GET"]}}],"collection":[{"href":"https:\/\/aconteceunovale.com.br\/portal\/index.php?rest_route=\/wp\/v2\/posts"}],"about":[{"href":"https:\/\/aconteceunovale.com.br\/portal\/index.php?rest_route=\/wp\/v2\/types\/post"}],"author":[{"embeddable":true,"href":"https:\/\/aconteceunovale.com.br\/portal\/index.php?rest_route=\/wp\/v2\/users\/1"}],"replies":[{"embeddable":true,"href":"https:\/\/aconteceunovale.com.br\/portal\/index.php?rest_route=%2Fwp%2Fv2%2Fcomments&post=33004"}],"version-history":[{"count":0,"href":"https:\/\/aconteceunovale.com.br\/portal\/index.php?rest_route=\/wp\/v2\/posts\/33004\/revisions"}],"wp:featuredmedia":[{"embeddable":true,"href":"https:\/\/aconteceunovale.com.br\/portal\/index.php?rest_route=\/wp\/v2\/media\/33005"}],"wp:attachment":[{"href":"https:\/\/aconteceunovale.com.br\/portal\/index.php?rest_route=%2Fwp%2Fv2%2Fmedia&parent=33004"}],"wp:term":[{"taxonomy":"category","embeddable":true,"href":"https:\/\/aconteceunovale.com.br\/portal\/index.php?rest_route=%2Fwp%2Fv2%2Fcategories&post=33004"},{"taxonomy":"post_tag","embeddable":true,"href":"https:\/\/aconteceunovale.com.br\/portal\/index.php?rest_route=%2Fwp%2Fv2%2Ftags&post=33004"}],"curies":[{"name":"wp","href":"https:\/\/api.w.org\/{rel}","templated":true}]}}