{"id":32999,"date":"2014-06-26T11:19:18","date_gmt":"2014-06-26T14:19:18","guid":{"rendered":"http:\/\/aconteceunovale.com.br\/portal\/?p=32999"},"modified":"2014-06-26T12:12:03","modified_gmt":"2014-06-26T15:12:03","slug":"policia-prende-criminosos-que-colocaram-fogo-em-onibus-coletivo-em-ipatinga","status":"publish","type":"post","link":"https:\/\/aconteceunovale.com.br\/portal\/?p=32999","title":{"rendered":"Criminosos encapuzados colocam fogo em \u00f4nibus coletivo de Ipatinga"},"content":{"rendered":"<p>Quatro encapuzados incendiaram um \u00f4nibus em Ipatinga, no Leste do Estado, na noite dessa quarta-feira (25). O coletivo se aproximava do ponto final, no bairro Bom Jardim, e estava sem passageiros quando foi abordado, por volta das 23 horas. N\u00e3o h\u00e1 feridos. Um adolescente foi apreendido na manh\u00e3 desta quinta-feira (26) por suposta participa\u00e7\u00e3o no crime. <\/p>\n<p>O \u00f4nibus pertence \u00e0 empresa Autotrans e ficou completamente destru\u00eddo. O motorista Celson Neves, de 42 anos, e o trocador Lucas Teixeira, de 44, contaram \u00e0 PM que foram abordados assim que entraram na avenida das Flores por quatro indiv\u00edduos armados e carregando garrafas com gasolina. Depois que despejaram o combust\u00edvel nos bancos, pegaram dinheiro com o trocador e mandaram os dois descerem.<\/p>\n<p>As chamas se alastraram rapidamente e s\u00f3 foram controladas pelos bombeiros. Segundo o comandante do 14\u00ba Batalh\u00e3o de Pol\u00edcia Militar em Ipatinga (14\u00baBPM), tenente coronel Edv\u00e2nio Rosa Carneiro, a PM tem feito intenso combate ao tr\u00e1fico de drogas na regi\u00e3o do Bom Jardim nos \u00faltimos dias e o inc\u00eandio pode ser uma rea\u00e7\u00e3o dos criminosos. \u201cApreendemos um adolescente e logo vamos identificar os demais\u201d, prometeu.<\/p>\n<p><img decoding=\"async\" src=\"http:\/\/aconteceunovale.com.br\/portal\/wp-content\/uploads\/2014\/06\/bus_queimado_ipatinga.jpg\" alt=\"\" \/><br \/>\n<strong><em>(Foto: Fernanda P\u00f4nzio \/ InterTV dos Vales)<\/em><\/strong><\/p>\n","protected":false},"excerpt":{"rendered":"<p>Quatro encapuzados incendiaram um \u00f4nibus em Ipatinga, no Leste do Estado, na noite dessa quarta-feira (25). O coletivo se aproximava do ponto final, no bairro Bom Jardim, e estava sem passageiros quando foi abordado, por volta das 23 horas. N\u00e3o h\u00e1 feridos. Um adolescente foi apreendido na manh\u00e3 desta quinta-feira (26) por suposta participa\u00e7\u00e3o no [&hellip;]<\/p>\n","protected":false},"author":1,"featured_media":33000,"comment_status":"open","ping_status":"closed","sticky":false,"template":"","format":"standard","meta":{"amp_status":"","footnotes":""},"categories":[121],"tags":[9650,1018,201],"class_list":["post-32999","post","type-post","status-publish","format-standard","has-post-thumbnail","hentry","category-leste","tag-criminosos-encapuzados-colocam-fogo-em-onibus-coletivo-de-ipatinga","tag-destaque","tag-ipatinga"],"_links":{"self":[{"href":"https:\/\/aconteceunovale.com.br\/portal\/index.php?rest_route=\/wp\/v2\/posts\/32999","targetHints":{"allow":["GET"]}}],"collection":[{"href":"https:\/\/aconteceunovale.com.br\/portal\/index.php?rest_route=\/wp\/v2\/posts"}],"about":[{"href":"https:\/\/aconteceunovale.com.br\/portal\/index.php?rest_route=\/wp\/v2\/types\/post"}],"author":[{"embeddable":true,"href":"https:\/\/aconteceunovale.com.br\/portal\/index.php?rest_route=\/wp\/v2\/users\/1"}],"replies":[{"embeddable":true,"href":"https:\/\/aconteceunovale.com.br\/portal\/index.php?rest_route=%2Fwp%2Fv2%2Fcomments&post=32999"}],"version-history":[{"count":0,"href":"https:\/\/aconteceunovale.com.br\/portal\/index.php?rest_route=\/wp\/v2\/posts\/32999\/revisions"}],"wp:featuredmedia":[{"embeddable":true,"href":"https:\/\/aconteceunovale.com.br\/portal\/index.php?rest_route=\/wp\/v2\/media\/33000"}],"wp:attachment":[{"href":"https:\/\/aconteceunovale.com.br\/portal\/index.php?rest_route=%2Fwp%2Fv2%2Fmedia&parent=32999"}],"wp:term":[{"taxonomy":"category","embeddable":true,"href":"https:\/\/aconteceunovale.com.br\/portal\/index.php?rest_route=%2Fwp%2Fv2%2Fcategories&post=32999"},{"taxonomy":"post_tag","embeddable":true,"href":"https:\/\/aconteceunovale.com.br\/portal\/index.php?rest_route=%2Fwp%2Fv2%2Ftags&post=32999"}],"curies":[{"name":"wp","href":"https:\/\/api.w.org\/{rel}","templated":true}]}}