{"id":32957,"date":"2014-06-25T19:35:53","date_gmt":"2014-06-25T22:35:53","guid":{"rendered":"http:\/\/aconteceunovale.com.br\/portal\/?p=32957"},"modified":"2014-06-25T19:35:53","modified_gmt":"2014-06-25T22:35:53","slug":"comerciante-perde-a-paciencia-e-quebra-computador-da-copasa-devido-a-falta-dagua","status":"publish","type":"post","link":"https:\/\/aconteceunovale.com.br\/portal\/?p=32957","title":{"rendered":"Comerciante perde a paci\u00eancia e quebra computador da Copasa devido \u00e0 falta d\u2019\u00e1gua"},"content":{"rendered":"<p>Moradores de Par\u00e1 de Minas, na regi\u00e3o Central do Estado, continuam sofrendo com a falta de \u00e1gua iniciada nos primeiros meses deste ano. Nessa segunda-feira (23), um comerciante do munic\u00edpio, revoltado, tomou uma medida dr\u00e1stica e danificou uma ag\u00eancia da Companhia de Saneamento de Minas Gerais (Copasa). Ap\u00f3s a confus\u00e3o, ele fugiu e ainda n\u00e3o foi localizado.<\/p>\n<p>Conforme informa\u00e7\u00f5es do boletim de ocorr\u00eancia, o homem que n\u00e3o teve o nome divulgado \u00e9 dono de um com\u00e9rcio no bairro Gr\u00e3o-Par\u00e1. Ele teria comparecido a ag\u00eancia localizada na rua Maestro Esp\u00edndola, bairro Nossa Senhora das Gra\u00e7as durante \u00e0 tarde.<\/p>\n<p>O funcion\u00e1rio que atendeu o aut\u00f4nomo relatou \u00e0 pol\u00edcia que o bairro onde est\u00e1 localizado o seu com\u00e9rcio estava sem \u00e1gua h\u00e1 dois dias e ele estava somando um grande preju\u00edzo. Ainda segundo o boletim, o funcion\u00e1rio teria explicado que o abastecimento voltaria ao normal em tr\u00eas dias. Por\u00e9m, o homem se exaltou e jogou um dos computadores do local no ch\u00e3o. O suspeito fugiu assim que a pol\u00edcia foi localizado.<\/p>\n<p>A Copasa informou que desde agosto de 2013, o prolongado per\u00edodo de estiagem vem reduzindo drasticamente a vaz\u00e3o dos ribeir\u00f5es dos Paiva e Paci\u00eancia, que atendem o munic\u00edpio. Mas, a companhia explicou que medidas j\u00e1 est\u00e3o sendo tomadas h\u00e1 algum tempo, como os rod\u00edzios de abastecimento em bairros. <\/p>\n<p>Ainda segundo a companhia, diariamente, cerca de 18 caminh\u00f5es-pipa, que trazem \u00e1gua tratada do sistema Serra Azul, em Juatuba, t\u00eam refor\u00e7ado o abastecimento na cidade, al\u00e9m de atenderem escolas, creches e hospitais.<\/p>\n<p><img decoding=\"async\" src=\"http:\/\/aconteceunovale.com.br\/portal\/wp-content\/uploads\/2014\/06\/para_de_minas_homem_bravo.jpg\" alt=\"\" \/><em>Vista da cidade de Par\u00e1 de Minas &#8211; Foto: Ant\u00f4nio Anderson<\/em><br \/>\n<\/br><\/p>\n<h4><strong>Solu\u00e7\u00e3o<\/strong><\/h4>\n<p>A solu\u00e7\u00e3o para o problema seria o transporte de mais de 200 litros por segundo de \u00e1gua bruta do rio Paraopeba para a Esta\u00e7\u00e3o de Tratamento de \u00c1gua de Par\u00e1 de Minas, segundo a companhia. A obra foi or\u00e7ada em R$ 50 milh\u00f5es.<\/p>\n<p>O projeto da obra j\u00e1 foi conclu\u00eddo e a permiss\u00e3o para o uso dessa \u00e1gua j\u00e1 foi solicitada pela Copasa. Por\u00e9m, o in\u00edcio das obras depende da renova\u00e7\u00e3o do contrato de concess\u00e3o, vencido em 2009, entre o munic\u00edpio e companhia.<\/p>\n<h4><strong>Munic\u00edpio<\/strong><\/h4>\n<p>No dia 8 de maio, a prefeitura da cidade decretou estado de calamidade p\u00fablica em fun\u00e7\u00e3o de problemas de abastecimento de \u00e1gua agravada pela escassez de chuva nos \u00faltimos 3 anos. A situa\u00e7\u00e3o ficou ainda pior pela falta de contrato de concess\u00e3o.<\/p>\n<p>Dos 90 mil habitantes de Par\u00e1 de Minas, 70 mil est\u00e3o sofrendo com problemas de abastecimento de \u00e1gua, segundo o prefeito Ant\u00f4nio J\u00falio (PMDB).<\/p>\n<p><em>(O Tempo)<\/em><\/p>\n","protected":false},"excerpt":{"rendered":"<p>Moradores de Par\u00e1 de Minas, na regi\u00e3o Central do Estado, continuam sofrendo com a falta de \u00e1gua iniciada nos primeiros meses deste ano. Nessa segunda-feira (23), um comerciante do munic\u00edpio, revoltado, tomou uma medida dr\u00e1stica e danificou uma ag\u00eancia da Companhia de Saneamento de Minas Gerais (Copasa). Ap\u00f3s a confus\u00e3o, ele fugiu e ainda n\u00e3o [&hellip;]<\/p>\n","protected":false},"author":1,"featured_media":32958,"comment_status":"open","ping_status":"closed","sticky":false,"template":"","format":"standard","meta":{"amp_status":"","footnotes":""},"categories":[123],"tags":[9612,962],"class_list":["post-32957","post","type-post","status-publish","format-standard","has-post-thumbnail","hentry","category-gerais","tag-comerciante-perde-a-paciencia-e-quebra-computador-da-copasa-devido-a-falta-dagua","tag-para-de-minas"],"yoast_head":"<!-- This site is optimized with the Yoast SEO plugin v28.3 - https:\/\/yoast.com\/product\/yoast-seo-wordpress\/ -->\n<title>Comerciante perde a paci\u00eancia e quebra computador da Copasa devido \u00e0 falta d\u2019\u00e1gua - Aconteceu no Vale<\/title>\n<meta name=\"robots\" content=\"index, follow, max-snippet:-1, max-image-preview:large, max-video-preview:-1\" \/>\n<link rel=\"canonical\" href=\"https:\/\/aconteceunovale.com.br\/portal\/?p=32957\" \/>\n<meta property=\"og:locale\" content=\"pt_BR\" \/>\n<meta property=\"og:type\" content=\"article\" \/>\n<meta property=\"og:title\" content=\"Comerciante perde a paci\u00eancia e quebra computador da Copasa devido \u00e0 falta d\u2019\u00e1gua - Aconteceu no Vale\" \/>\n<meta property=\"og:description\" content=\"Moradores de Par\u00e1 de Minas, na regi\u00e3o Central do Estado, continuam sofrendo com a falta de \u00e1gua iniciada nos primeiros meses deste ano. Nessa segunda-feira (23), um comerciante do munic\u00edpio, revoltado, tomou uma medida dr\u00e1stica e danificou uma ag\u00eancia da Companhia de Saneamento de Minas Gerais (Copasa). Ap\u00f3s a confus\u00e3o, ele fugiu e ainda n\u00e3o [&hellip;]\" \/>\n<meta property=\"og:url\" content=\"https:\/\/aconteceunovale.com.br\/portal\/?p=32957\" \/>\n<meta property=\"og:site_name\" content=\"Aconteceu no Vale\" \/>\n<meta property=\"article:publisher\" content=\"https:\/\/www.facebook.com\/aconteceunovale\/\" \/>\n<meta property=\"article:published_time\" content=\"2014-06-25T22:35:53+00:00\" \/>\n<meta property=\"og:image\" content=\"https:\/\/aconteceunovale.com.br\/portal\/wp-content\/uploads\/2014\/06\/para_de_minas_homem_bravo.jpg\" \/>\n\t<meta property=\"og:image:width\" content=\"620\" \/>\n\t<meta property=\"og:image:height\" content=\"420\" \/>\n\t<meta property=\"og:image:type\" content=\"image\/jpeg\" \/>\n<meta name=\"author\" content=\"Aconteceu no Vale\" \/>\n<meta name=\"twitter:card\" content=\"summary_large_image\" \/>\n<meta name=\"twitter:creator\" content=\"@noticiadosvales\" \/>\n<meta name=\"twitter:site\" content=\"@noticiadosvales\" \/>\n<meta name=\"twitter:label1\" content=\"Escrito por\" \/>\n\t<meta name=\"twitter:data1\" content=\"Aconteceu no Vale\" \/>\n\t<meta name=\"twitter:label2\" content=\"Est. tempo de leitura\" \/>\n\t<meta name=\"twitter:data2\" content=\"2 minutos\" \/>\n<script type=\"application\/ld+json\" class=\"yoast-schema-graph\">{\"@context\":\"https:\\\/\\\/schema.org\",\"@graph\":[{\"@type\":\"Article\",\"@id\":\"https:\\\/\\\/aconteceunovale.com.br\\\/portal\\\/?p=32957#article\",\"isPartOf\":{\"@id\":\"https:\\\/\\\/aconteceunovale.com.br\\\/portal\\\/?p=32957\"},\"author\":{\"name\":\"Aconteceu no Vale\",\"@id\":\"https:\\\/\\\/aconteceunovale.com.br\\\/portal\\\/#\\\/schema\\\/person\\\/633529146f2c94272bef50ac2953d589\"},\"headline\":\"Comerciante perde a paci\u00eancia e quebra computador da Copasa devido \u00e0 falta d\u2019\u00e1gua\",\"datePublished\":\"2014-06-25T22:35:53+00:00\",\"mainEntityOfPage\":{\"@id\":\"https:\\\/\\\/aconteceunovale.com.br\\\/portal\\\/?p=32957\"},\"wordCount\":470,\"commentCount\":0,\"image\":{\"@id\":\"https:\\\/\\\/aconteceunovale.com.br\\\/portal\\\/?p=32957#primaryimage\"},\"thumbnailUrl\":\"https:\\\/\\\/aconteceunovale.com.br\\\/portal\\\/wp-content\\\/uploads\\\/2014\\\/06\\\/para_de_minas_homem_bravo.jpg\",\"keywords\":[\"Comerciante perde a paci\u00eancia e quebra computador da Copasa devido \u00e0 falta d\u2019\u00e1gua\",\"Par\u00e1 de Minas\"],\"articleSection\":[\"Minas Gerais\"],\"inLanguage\":\"pt-BR\",\"potentialAction\":[{\"@type\":\"CommentAction\",\"name\":\"Comment\",\"target\":[\"https:\\\/\\\/aconteceunovale.com.br\\\/portal\\\/?p=32957#respond\"]}]},{\"@type\":\"WebPage\",\"@id\":\"https:\\\/\\\/aconteceunovale.com.br\\\/portal\\\/?p=32957\",\"url\":\"https:\\\/\\\/aconteceunovale.com.br\\\/portal\\\/?p=32957\",\"name\":\"Comerciante perde a paci\u00eancia e quebra computador da Copasa devido \u00e0 falta d\u2019\u00e1gua - Aconteceu no Vale\",\"isPartOf\":{\"@id\":\"https:\\\/\\\/aconteceunovale.com.br\\\/portal\\\/#website\"},\"primaryImageOfPage\":{\"@id\":\"https:\\\/\\\/aconteceunovale.com.br\\\/portal\\\/?p=32957#primaryimage\"},\"image\":{\"@id\":\"https:\\\/\\\/aconteceunovale.com.br\\\/portal\\\/?p=32957#primaryimage\"},\"thumbnailUrl\":\"https:\\\/\\\/aconteceunovale.com.br\\\/portal\\\/wp-content\\\/uploads\\\/2014\\\/06\\\/para_de_minas_homem_bravo.jpg\",\"datePublished\":\"2014-06-25T22:35:53+00:00\",\"author\":{\"@id\":\"https:\\\/\\\/aconteceunovale.com.br\\\/portal\\\/#\\\/schema\\\/person\\\/633529146f2c94272bef50ac2953d589\"},\"breadcrumb\":{\"@id\":\"https:\\\/\\\/aconteceunovale.com.br\\\/portal\\\/?p=32957#breadcrumb\"},\"inLanguage\":\"pt-BR\",\"potentialAction\":[{\"@type\":\"ReadAction\",\"target\":[\"https:\\\/\\\/aconteceunovale.com.br\\\/portal\\\/?p=32957\"]}]},{\"@type\":\"ImageObject\",\"inLanguage\":\"pt-BR\",\"@id\":\"https:\\\/\\\/aconteceunovale.com.br\\\/portal\\\/?p=32957#primaryimage\",\"url\":\"https:\\\/\\\/aconteceunovale.com.br\\\/portal\\\/wp-content\\\/uploads\\\/2014\\\/06\\\/para_de_minas_homem_bravo.jpg\",\"contentUrl\":\"https:\\\/\\\/aconteceunovale.com.br\\\/portal\\\/wp-content\\\/uploads\\\/2014\\\/06\\\/para_de_minas_homem_bravo.jpg\",\"width\":620,\"height\":420},{\"@type\":\"BreadcrumbList\",\"@id\":\"https:\\\/\\\/aconteceunovale.com.br\\\/portal\\\/?p=32957#breadcrumb\",\"itemListElement\":[{\"@type\":\"ListItem\",\"position\":1,\"name\":\"In\u00edcio\",\"item\":\"https:\\\/\\\/aconteceunovale.com.br\\\/portal\\\/\"},{\"@type\":\"ListItem\",\"position\":2,\"name\":\"Comerciante perde a paci\u00eancia e quebra computador da Copasa devido \u00e0 falta d\u2019\u00e1gua\"}]},{\"@type\":\"WebSite\",\"@id\":\"https:\\\/\\\/aconteceunovale.com.br\\\/portal\\\/#website\",\"url\":\"https:\\\/\\\/aconteceunovale.com.br\\\/portal\\\/\",\"name\":\"Aconteceu no Vale\",\"description\":\"Portal de Not\u00edcias\",\"potentialAction\":[{\"@type\":\"SearchAction\",\"target\":{\"@type\":\"EntryPoint\",\"urlTemplate\":\"https:\\\/\\\/aconteceunovale.com.br\\\/portal\\\/?s={search_term_string}\"},\"query-input\":{\"@type\":\"PropertyValueSpecification\",\"valueRequired\":true,\"valueName\":\"search_term_string\"}}],\"inLanguage\":\"pt-BR\"},{\"@type\":\"Person\",\"@id\":\"https:\\\/\\\/aconteceunovale.com.br\\\/portal\\\/#\\\/schema\\\/person\\\/633529146f2c94272bef50ac2953d589\",\"name\":\"Aconteceu no Vale\",\"description\":\"Equipe de reportagem do Aconteceu no Vale, portal de not\u00edcias do Vale do Jequitinhonha, em Minas Gerais. Cobrimos as 51 cidades do Vale desde 2013. Sugest\u00f5es de pauta e pedidos de corre\u00e7\u00e3o: contato@aconteceunovale.com.br\",\"sameAs\":[\"http:\\\/\\\/www.aconteceunovale.com.br\"],\"url\":\"https:\\\/\\\/aconteceunovale.com.br\\\/portal\\\/?author=1\"}]}<\/script>\n<!-- \/ Yoast SEO plugin. -->","yoast_head_json":{"title":"Comerciante perde a paci\u00eancia e quebra computador da Copasa devido \u00e0 falta d\u2019\u00e1gua - Aconteceu no Vale","robots":{"index":"index","follow":"follow","max-snippet":"max-snippet:-1","max-image-preview":"max-image-preview:large","max-video-preview":"max-video-preview:-1"},"canonical":"https:\/\/aconteceunovale.com.br\/portal\/?p=32957","og_locale":"pt_BR","og_type":"article","og_title":"Comerciante perde a paci\u00eancia e quebra computador da Copasa devido \u00e0 falta d\u2019\u00e1gua - Aconteceu no Vale","og_description":"Moradores de Par\u00e1 de Minas, na regi\u00e3o Central do Estado, continuam sofrendo com a falta de \u00e1gua iniciada nos primeiros meses deste ano. Nessa segunda-feira (23), um comerciante do munic\u00edpio, revoltado, tomou uma medida dr\u00e1stica e danificou uma ag\u00eancia da Companhia de Saneamento de Minas Gerais (Copasa). Ap\u00f3s a confus\u00e3o, ele fugiu e ainda n\u00e3o [&hellip;]","og_url":"https:\/\/aconteceunovale.com.br\/portal\/?p=32957","og_site_name":"Aconteceu no Vale","article_publisher":"https:\/\/www.facebook.com\/aconteceunovale\/","article_published_time":"2014-06-25T22:35:53+00:00","og_image":[{"width":620,"height":420,"url":"https:\/\/aconteceunovale.com.br\/portal\/wp-content\/uploads\/2014\/06\/para_de_minas_homem_bravo.jpg","type":"image\/jpeg"}],"author":"Aconteceu no Vale","twitter_card":"summary_large_image","twitter_creator":"@noticiadosvales","twitter_site":"@noticiadosvales","twitter_misc":{"Escrito por":"Aconteceu no Vale","Est. tempo de leitura":"2 minutos"},"schema":{"@context":"https:\/\/schema.org","@graph":[{"@type":"Article","@id":"https:\/\/aconteceunovale.com.br\/portal\/?p=32957#article","isPartOf":{"@id":"https:\/\/aconteceunovale.com.br\/portal\/?p=32957"},"author":{"name":"Aconteceu no Vale","@id":"https:\/\/aconteceunovale.com.br\/portal\/#\/schema\/person\/633529146f2c94272bef50ac2953d589"},"headline":"Comerciante perde a paci\u00eancia e quebra computador da Copasa devido \u00e0 falta d\u2019\u00e1gua","datePublished":"2014-06-25T22:35:53+00:00","mainEntityOfPage":{"@id":"https:\/\/aconteceunovale.com.br\/portal\/?p=32957"},"wordCount":470,"commentCount":0,"image":{"@id":"https:\/\/aconteceunovale.com.br\/portal\/?p=32957#primaryimage"},"thumbnailUrl":"https:\/\/aconteceunovale.com.br\/portal\/wp-content\/uploads\/2014\/06\/para_de_minas_homem_bravo.jpg","keywords":["Comerciante perde a paci\u00eancia e quebra computador da Copasa devido \u00e0 falta d\u2019\u00e1gua","Par\u00e1 de Minas"],"articleSection":["Minas Gerais"],"inLanguage":"pt-BR","potentialAction":[{"@type":"CommentAction","name":"Comment","target":["https:\/\/aconteceunovale.com.br\/portal\/?p=32957#respond"]}]},{"@type":"WebPage","@id":"https:\/\/aconteceunovale.com.br\/portal\/?p=32957","url":"https:\/\/aconteceunovale.com.br\/portal\/?p=32957","name":"Comerciante perde a paci\u00eancia e quebra computador da Copasa devido \u00e0 falta d\u2019\u00e1gua - Aconteceu no Vale","isPartOf":{"@id":"https:\/\/aconteceunovale.com.br\/portal\/#website"},"primaryImageOfPage":{"@id":"https:\/\/aconteceunovale.com.br\/portal\/?p=32957#primaryimage"},"image":{"@id":"https:\/\/aconteceunovale.com.br\/portal\/?p=32957#primaryimage"},"thumbnailUrl":"https:\/\/aconteceunovale.com.br\/portal\/wp-content\/uploads\/2014\/06\/para_de_minas_homem_bravo.jpg","datePublished":"2014-06-25T22:35:53+00:00","author":{"@id":"https:\/\/aconteceunovale.com.br\/portal\/#\/schema\/person\/633529146f2c94272bef50ac2953d589"},"breadcrumb":{"@id":"https:\/\/aconteceunovale.com.br\/portal\/?p=32957#breadcrumb"},"inLanguage":"pt-BR","potentialAction":[{"@type":"ReadAction","target":["https:\/\/aconteceunovale.com.br\/portal\/?p=32957"]}]},{"@type":"ImageObject","inLanguage":"pt-BR","@id":"https:\/\/aconteceunovale.com.br\/portal\/?p=32957#primaryimage","url":"https:\/\/aconteceunovale.com.br\/portal\/wp-content\/uploads\/2014\/06\/para_de_minas_homem_bravo.jpg","contentUrl":"https:\/\/aconteceunovale.com.br\/portal\/wp-content\/uploads\/2014\/06\/para_de_minas_homem_bravo.jpg","width":620,"height":420},{"@type":"BreadcrumbList","@id":"https:\/\/aconteceunovale.com.br\/portal\/?p=32957#breadcrumb","itemListElement":[{"@type":"ListItem","position":1,"name":"In\u00edcio","item":"https:\/\/aconteceunovale.com.br\/portal\/"},{"@type":"ListItem","position":2,"name":"Comerciante perde a paci\u00eancia e quebra computador da Copasa devido \u00e0 falta d\u2019\u00e1gua"}]},{"@type":"WebSite","@id":"https:\/\/aconteceunovale.com.br\/portal\/#website","url":"https:\/\/aconteceunovale.com.br\/portal\/","name":"Aconteceu no Vale","description":"Portal de Not\u00edcias","potentialAction":[{"@type":"SearchAction","target":{"@type":"EntryPoint","urlTemplate":"https:\/\/aconteceunovale.com.br\/portal\/?s={search_term_string}"},"query-input":{"@type":"PropertyValueSpecification","valueRequired":true,"valueName":"search_term_string"}}],"inLanguage":"pt-BR"},{"@type":"Person","@id":"https:\/\/aconteceunovale.com.br\/portal\/#\/schema\/person\/633529146f2c94272bef50ac2953d589","name":"Aconteceu no Vale","description":"Equipe de reportagem do Aconteceu no Vale, portal de not\u00edcias do Vale do Jequitinhonha, em Minas Gerais. Cobrimos as 51 cidades do Vale desde 2013. Sugest\u00f5es de pauta e pedidos de corre\u00e7\u00e3o: contato@aconteceunovale.com.br","sameAs":["http:\/\/www.aconteceunovale.com.br"],"url":"https:\/\/aconteceunovale.com.br\/portal\/?author=1"}]}},"_links":{"self":[{"href":"https:\/\/aconteceunovale.com.br\/portal\/index.php?rest_route=\/wp\/v2\/posts\/32957","targetHints":{"allow":["GET"]}}],"collection":[{"href":"https:\/\/aconteceunovale.com.br\/portal\/index.php?rest_route=\/wp\/v2\/posts"}],"about":[{"href":"https:\/\/aconteceunovale.com.br\/portal\/index.php?rest_route=\/wp\/v2\/types\/post"}],"author":[{"embeddable":true,"href":"https:\/\/aconteceunovale.com.br\/portal\/index.php?rest_route=\/wp\/v2\/users\/1"}],"replies":[{"embeddable":true,"href":"https:\/\/aconteceunovale.com.br\/portal\/index.php?rest_route=%2Fwp%2Fv2%2Fcomments&post=32957"}],"version-history":[{"count":0,"href":"https:\/\/aconteceunovale.com.br\/portal\/index.php?rest_route=\/wp\/v2\/posts\/32957\/revisions"}],"wp:featuredmedia":[{"embeddable":true,"href":"https:\/\/aconteceunovale.com.br\/portal\/index.php?rest_route=\/wp\/v2\/media\/32958"}],"wp:attachment":[{"href":"https:\/\/aconteceunovale.com.br\/portal\/index.php?rest_route=%2Fwp%2Fv2%2Fmedia&parent=32957"}],"wp:term":[{"taxonomy":"category","embeddable":true,"href":"https:\/\/aconteceunovale.com.br\/portal\/index.php?rest_route=%2Fwp%2Fv2%2Fcategories&post=32957"},{"taxonomy":"post_tag","embeddable":true,"href":"https:\/\/aconteceunovale.com.br\/portal\/index.php?rest_route=%2Fwp%2Fv2%2Ftags&post=32957"}],"curies":[{"name":"wp","href":"https:\/\/api.w.org\/{rel}","templated":true}]}}