{"id":32953,"date":"2014-06-25T19:31:36","date_gmt":"2014-06-25T22:31:36","guid":{"rendered":"http:\/\/aconteceunovale.com.br\/portal\/?p=32953"},"modified":"2014-06-25T19:31:36","modified_gmt":"2014-06-25T22:31:36","slug":"delegados-da-policia-civil-de-minas-gerais-protestam-em-frente-a-almg","status":"publish","type":"post","link":"https:\/\/aconteceunovale.com.br\/portal\/?p=32953","title":{"rendered":"Delegados da Pol\u00edcia Civil de Minas Gerais protestam em frente \u00e0 ALMG"},"content":{"rendered":"<p>Com cartazes e gritos de ordem, os delegados da Pol\u00edcia Civil de Minas Gerais fazem um ato, na tarde desta quarta-feira (25), em frente a Assembleia Legislativa de Minas Gerais (ALMG). A categoria faz uma paralisa\u00e7\u00e3o at\u00e9 as 20h,  com objetivo de pressionar o governo do Estado, que ainda n\u00e3o teria iniciado as negocia\u00e7\u00f5es. <\/p>\n<p>Cerca de 300 delegados est\u00e3o presentes no hall e na porta da ALMG. Nas faixas, a categoria afirma que recebe o pior sal\u00e1rio do pa\u00eds. &#8220;O PSDB n\u00e3o quer apura\u00e7\u00e3o de crimes. Delegados de Minas recebem o pior sal\u00e1rio do Brasil&#8221;, &#8220;Governo que n\u00e3o respeita a pol\u00edcia, n\u00e3o respeita o cidad\u00e3o&#8221; e &#8220;Em Minas Gerais bandido bom \u00e9 bandido solto&#8221; s\u00e3o algumas das frases estampadas pelos policiais.<\/p>\n<p><img decoding=\"async\" src=\"http:\/\/aconteceunovale.com.br\/portal\/wp-content\/uploads\/2014\/06\/protesto_delegados_mg_25_4.jpg\" alt=\"\" \/><em><strong>Com faixas e cartazes, categoria protesta em frente \u00e0 ALMG &#8211; Foto: SindepoMinas<\/strong><\/em><br \/>\n<\/br><\/p>\n<p>O an\u00fancio da paralisa\u00e7\u00e3o foi feito com anteced\u00eancia pelo Sindicato dos Delegados de Pol\u00edcia do Estado (SindepoMinas). De acordo com o presidente do sindicato, Marco Ant\u00f4nio de Paula Assis, faltou uma resposta. \u201cN\u00e3o fomos tratados com o devido respeito nas nossas negocia\u00e7\u00f5es. O pleito que ficou sem resposta \u00e9 sobre o reenquadramento de tabelas dos delegados iniciais e primeira classe intermedi\u00e1ria para resolver uma distor\u00e7\u00e3o na carreira, j\u00e1 que h\u00e1 carreiras subalternas a estes delegados dentro da Pol\u00edcia Civil que ganham mais que delegado em in\u00edcio de carreira\u201d, explicou.<\/p>\n<p>Ainda segundo Assis n\u00e3o h\u00e1 indicativo de greve na categoria. \u201cA reuni\u00e3o de amanh\u00e3 \u00e9 para mostrar o nosso descontentamento com o tratamento recebido pelo governo do Estado, n\u00e3o \u00e9 mais um momento de reivindica\u00e7\u00f5es. O governo conhece todas elas, todos os nossos pleitos j\u00e1 foram colocados na mesa\u201d, disse.<\/p>\n<p>A paralisa\u00e7\u00e3o desta quarta ter\u00e1 dura\u00e7\u00e3o de 12 horas, de 8h \u00e0s 20h. A reuni\u00e3o dos cerca de 300 delegados acontece na ALMG desde 14h, segundo o Sindepominas.  O sindicato ainda fez quest\u00e3o de ressaltar que, durante a paralisa\u00e7\u00e3o, apenas casos de urg\u00eancia, emerg\u00eancia e relev\u00e2ncia social s\u00e3o atendidos. <\/p>\n<p>No pr\u00f3ximo dia 2 de julho uma nova paralisa\u00e7\u00e3o dos delegados mineiros dever\u00e1 acontecer, sendo que, desta vez, a concentra\u00e7\u00e3o dos delegados acontecer\u00e1 em Juiz de Fora, na Zona da Mata. Atualmente, Minas conta com cerca de 1.260 delegados em todo o Estado. <\/p>\n<h4><strong>O que diz o Governo de Minas<\/strong><\/h4>\n<p>O Governo de Minas emitiu uma nota sobre o assunto. &#8220;Conforme resolu\u00e7\u00e3o conjunta da Secretaria de Estado de Planejamento e Gest\u00e3o (Seplag) e da Pol\u00edcia Civil de Minas Gerais (PCMG) n\u00b0 9124\/2014, publicada no Di\u00e1rio Oficial do Estado \u2013 jornal \u201cMinas Gerais\u201d do dia 7 de junho, foi institu\u00eddo o grupo de trabalho respons\u00e1vel pela elabora\u00e7\u00e3o do estudo de viabilidade de implanta\u00e7\u00e3o de subs\u00eddio para a carreira de Delegado de Pol\u00edcia&#8221;, dizia o texto.<\/p>\n<p>Ainda conforme o governo, o cronograma de atividades do grupo de trabalho j\u00e1 foi definido e a reuni\u00e3o inicial est\u00e1 agendada para o dia 3 de julho. <\/p>\n<p><em><strong>(O Tempo)<\/strong><\/em><\/p>\n","protected":false},"excerpt":{"rendered":"<p>Com cartazes e gritos de ordem, os delegados da Pol\u00edcia Civil de Minas Gerais fazem um ato, na tarde desta quarta-feira (25), em frente a Assembleia Legislativa de Minas Gerais (ALMG). A categoria faz uma paralisa\u00e7\u00e3o at\u00e9 as 20h, com objetivo de pressionar o governo do Estado, que ainda n\u00e3o teria iniciado as negocia\u00e7\u00f5es. Cerca [&hellip;]<\/p>\n","protected":false},"author":1,"featured_media":32954,"comment_status":"open","ping_status":"closed","sticky":false,"template":"","format":"standard","meta":{"amp_status":"","footnotes":""},"categories":[123],"tags":[194,9610,9611],"class_list":["post-32953","post","type-post","status-publish","format-standard","has-post-thumbnail","hentry","category-gerais","tag-belo-horizonte","tag-delegados-da-policia-civil-de-minas-gerais-protestam-em-frente-a-almg","tag-protesto-dos-delegados-da-policia-civil-de-minas-gerais-em-belo-horizonte"],"yoast_head":"<!-- This site is optimized with the Yoast SEO plugin v28.3 - https:\/\/yoast.com\/product\/yoast-seo-wordpress\/ -->\n<title>Delegados da Pol\u00edcia Civil de Minas Gerais protestam em frente \u00e0 ALMG - Aconteceu no Vale<\/title>\n<meta name=\"robots\" content=\"index, follow, max-snippet:-1, max-image-preview:large, max-video-preview:-1\" \/>\n<link rel=\"canonical\" href=\"https:\/\/aconteceunovale.com.br\/portal\/?p=32953\" \/>\n<meta property=\"og:locale\" content=\"pt_BR\" \/>\n<meta property=\"og:type\" content=\"article\" \/>\n<meta property=\"og:title\" content=\"Delegados da Pol\u00edcia Civil de Minas Gerais protestam em frente \u00e0 ALMG - Aconteceu no Vale\" \/>\n<meta property=\"og:description\" content=\"Com cartazes e gritos de ordem, os delegados da Pol\u00edcia Civil de Minas Gerais fazem um ato, na tarde desta quarta-feira (25), em frente a Assembleia Legislativa de Minas Gerais (ALMG). A categoria faz uma paralisa\u00e7\u00e3o at\u00e9 as 20h, com objetivo de pressionar o governo do Estado, que ainda n\u00e3o teria iniciado as negocia\u00e7\u00f5es. Cerca [&hellip;]\" \/>\n<meta property=\"og:url\" content=\"https:\/\/aconteceunovale.com.br\/portal\/?p=32953\" \/>\n<meta property=\"og:site_name\" content=\"Aconteceu no Vale\" \/>\n<meta property=\"article:publisher\" content=\"https:\/\/www.facebook.com\/aconteceunovale\/\" \/>\n<meta property=\"article:published_time\" content=\"2014-06-25T22:31:36+00:00\" \/>\n<meta property=\"og:image\" content=\"https:\/\/aconteceunovale.com.br\/portal\/wp-content\/uploads\/2014\/06\/protesto_delegados_mg_25_4.jpg\" \/>\n\t<meta property=\"og:image:width\" content=\"620\" \/>\n\t<meta property=\"og:image:height\" content=\"413\" \/>\n\t<meta property=\"og:image:type\" content=\"image\/jpeg\" \/>\n<meta name=\"author\" content=\"Aconteceu no Vale\" \/>\n<meta name=\"twitter:card\" content=\"summary_large_image\" \/>\n<meta name=\"twitter:creator\" content=\"@noticiadosvales\" \/>\n<meta name=\"twitter:site\" content=\"@noticiadosvales\" \/>\n<meta name=\"twitter:label1\" content=\"Escrito por\" \/>\n\t<meta name=\"twitter:data1\" content=\"Aconteceu no Vale\" \/>\n\t<meta name=\"twitter:label2\" content=\"Est. tempo de leitura\" \/>\n\t<meta name=\"twitter:data2\" content=\"3 minutos\" \/>\n<script type=\"application\/ld+json\" class=\"yoast-schema-graph\">{\"@context\":\"https:\\\/\\\/schema.org\",\"@graph\":[{\"@type\":\"Article\",\"@id\":\"https:\\\/\\\/aconteceunovale.com.br\\\/portal\\\/?p=32953#article\",\"isPartOf\":{\"@id\":\"https:\\\/\\\/aconteceunovale.com.br\\\/portal\\\/?p=32953\"},\"author\":{\"name\":\"Aconteceu no Vale\",\"@id\":\"https:\\\/\\\/aconteceunovale.com.br\\\/portal\\\/#\\\/schema\\\/person\\\/633529146f2c94272bef50ac2953d589\"},\"headline\":\"Delegados da Pol\u00edcia Civil de Minas Gerais protestam em frente \u00e0 ALMG\",\"datePublished\":\"2014-06-25T22:31:36+00:00\",\"mainEntityOfPage\":{\"@id\":\"https:\\\/\\\/aconteceunovale.com.br\\\/portal\\\/?p=32953\"},\"wordCount\":525,\"commentCount\":0,\"image\":{\"@id\":\"https:\\\/\\\/aconteceunovale.com.br\\\/portal\\\/?p=32953#primaryimage\"},\"thumbnailUrl\":\"https:\\\/\\\/aconteceunovale.com.br\\\/portal\\\/wp-content\\\/uploads\\\/2014\\\/06\\\/protesto_delegados_mg_25_4.jpg\",\"keywords\":[\"Belo Horizonte\",\"Delegados da Pol\u00edcia Civil de Minas Gerais protestam em frente \u00e0 ALMG\",\"protesto dos delegados da pol\u00edcia civil de minas gerais em belo horizonte\"],\"articleSection\":[\"Minas Gerais\"],\"inLanguage\":\"pt-BR\",\"potentialAction\":[{\"@type\":\"CommentAction\",\"name\":\"Comment\",\"target\":[\"https:\\\/\\\/aconteceunovale.com.br\\\/portal\\\/?p=32953#respond\"]}]},{\"@type\":\"WebPage\",\"@id\":\"https:\\\/\\\/aconteceunovale.com.br\\\/portal\\\/?p=32953\",\"url\":\"https:\\\/\\\/aconteceunovale.com.br\\\/portal\\\/?p=32953\",\"name\":\"Delegados da Pol\u00edcia Civil de Minas Gerais protestam em frente \u00e0 ALMG - Aconteceu no Vale\",\"isPartOf\":{\"@id\":\"https:\\\/\\\/aconteceunovale.com.br\\\/portal\\\/#website\"},\"primaryImageOfPage\":{\"@id\":\"https:\\\/\\\/aconteceunovale.com.br\\\/portal\\\/?p=32953#primaryimage\"},\"image\":{\"@id\":\"https:\\\/\\\/aconteceunovale.com.br\\\/portal\\\/?p=32953#primaryimage\"},\"thumbnailUrl\":\"https:\\\/\\\/aconteceunovale.com.br\\\/portal\\\/wp-content\\\/uploads\\\/2014\\\/06\\\/protesto_delegados_mg_25_4.jpg\",\"datePublished\":\"2014-06-25T22:31:36+00:00\",\"author\":{\"@id\":\"https:\\\/\\\/aconteceunovale.com.br\\\/portal\\\/#\\\/schema\\\/person\\\/633529146f2c94272bef50ac2953d589\"},\"breadcrumb\":{\"@id\":\"https:\\\/\\\/aconteceunovale.com.br\\\/portal\\\/?p=32953#breadcrumb\"},\"inLanguage\":\"pt-BR\",\"potentialAction\":[{\"@type\":\"ReadAction\",\"target\":[\"https:\\\/\\\/aconteceunovale.com.br\\\/portal\\\/?p=32953\"]}]},{\"@type\":\"ImageObject\",\"inLanguage\":\"pt-BR\",\"@id\":\"https:\\\/\\\/aconteceunovale.com.br\\\/portal\\\/?p=32953#primaryimage\",\"url\":\"https:\\\/\\\/aconteceunovale.com.br\\\/portal\\\/wp-content\\\/uploads\\\/2014\\\/06\\\/protesto_delegados_mg_25_4.jpg\",\"contentUrl\":\"https:\\\/\\\/aconteceunovale.com.br\\\/portal\\\/wp-content\\\/uploads\\\/2014\\\/06\\\/protesto_delegados_mg_25_4.jpg\",\"width\":620,\"height\":413},{\"@type\":\"BreadcrumbList\",\"@id\":\"https:\\\/\\\/aconteceunovale.com.br\\\/portal\\\/?p=32953#breadcrumb\",\"itemListElement\":[{\"@type\":\"ListItem\",\"position\":1,\"name\":\"In\u00edcio\",\"item\":\"https:\\\/\\\/aconteceunovale.com.br\\\/portal\\\/\"},{\"@type\":\"ListItem\",\"position\":2,\"name\":\"Delegados da Pol\u00edcia Civil de Minas Gerais protestam em frente \u00e0 ALMG\"}]},{\"@type\":\"WebSite\",\"@id\":\"https:\\\/\\\/aconteceunovale.com.br\\\/portal\\\/#website\",\"url\":\"https:\\\/\\\/aconteceunovale.com.br\\\/portal\\\/\",\"name\":\"Aconteceu no Vale\",\"description\":\"Portal de Not\u00edcias\",\"potentialAction\":[{\"@type\":\"SearchAction\",\"target\":{\"@type\":\"EntryPoint\",\"urlTemplate\":\"https:\\\/\\\/aconteceunovale.com.br\\\/portal\\\/?s={search_term_string}\"},\"query-input\":{\"@type\":\"PropertyValueSpecification\",\"valueRequired\":true,\"valueName\":\"search_term_string\"}}],\"inLanguage\":\"pt-BR\"},{\"@type\":\"Person\",\"@id\":\"https:\\\/\\\/aconteceunovale.com.br\\\/portal\\\/#\\\/schema\\\/person\\\/633529146f2c94272bef50ac2953d589\",\"name\":\"Aconteceu no Vale\",\"description\":\"Equipe de reportagem do Aconteceu no Vale, portal de not\u00edcias do Vale do Jequitinhonha, em Minas Gerais. Cobrimos as 51 cidades do Vale desde 2013. Sugest\u00f5es de pauta e pedidos de corre\u00e7\u00e3o: contato@aconteceunovale.com.br\",\"sameAs\":[\"http:\\\/\\\/www.aconteceunovale.com.br\"],\"url\":\"https:\\\/\\\/aconteceunovale.com.br\\\/portal\\\/?author=1\"}]}<\/script>\n<!-- \/ Yoast SEO plugin. -->","yoast_head_json":{"title":"Delegados da Pol\u00edcia Civil de Minas Gerais protestam em frente \u00e0 ALMG - Aconteceu no Vale","robots":{"index":"index","follow":"follow","max-snippet":"max-snippet:-1","max-image-preview":"max-image-preview:large","max-video-preview":"max-video-preview:-1"},"canonical":"https:\/\/aconteceunovale.com.br\/portal\/?p=32953","og_locale":"pt_BR","og_type":"article","og_title":"Delegados da Pol\u00edcia Civil de Minas Gerais protestam em frente \u00e0 ALMG - Aconteceu no Vale","og_description":"Com cartazes e gritos de ordem, os delegados da Pol\u00edcia Civil de Minas Gerais fazem um ato, na tarde desta quarta-feira (25), em frente a Assembleia Legislativa de Minas Gerais (ALMG). A categoria faz uma paralisa\u00e7\u00e3o at\u00e9 as 20h, com objetivo de pressionar o governo do Estado, que ainda n\u00e3o teria iniciado as negocia\u00e7\u00f5es. Cerca [&hellip;]","og_url":"https:\/\/aconteceunovale.com.br\/portal\/?p=32953","og_site_name":"Aconteceu no Vale","article_publisher":"https:\/\/www.facebook.com\/aconteceunovale\/","article_published_time":"2014-06-25T22:31:36+00:00","og_image":[{"width":620,"height":413,"url":"https:\/\/aconteceunovale.com.br\/portal\/wp-content\/uploads\/2014\/06\/protesto_delegados_mg_25_4.jpg","type":"image\/jpeg"}],"author":"Aconteceu no Vale","twitter_card":"summary_large_image","twitter_creator":"@noticiadosvales","twitter_site":"@noticiadosvales","twitter_misc":{"Escrito por":"Aconteceu no Vale","Est. tempo de leitura":"3 minutos"},"schema":{"@context":"https:\/\/schema.org","@graph":[{"@type":"Article","@id":"https:\/\/aconteceunovale.com.br\/portal\/?p=32953#article","isPartOf":{"@id":"https:\/\/aconteceunovale.com.br\/portal\/?p=32953"},"author":{"name":"Aconteceu no Vale","@id":"https:\/\/aconteceunovale.com.br\/portal\/#\/schema\/person\/633529146f2c94272bef50ac2953d589"},"headline":"Delegados da Pol\u00edcia Civil de Minas Gerais protestam em frente \u00e0 ALMG","datePublished":"2014-06-25T22:31:36+00:00","mainEntityOfPage":{"@id":"https:\/\/aconteceunovale.com.br\/portal\/?p=32953"},"wordCount":525,"commentCount":0,"image":{"@id":"https:\/\/aconteceunovale.com.br\/portal\/?p=32953#primaryimage"},"thumbnailUrl":"https:\/\/aconteceunovale.com.br\/portal\/wp-content\/uploads\/2014\/06\/protesto_delegados_mg_25_4.jpg","keywords":["Belo Horizonte","Delegados da Pol\u00edcia Civil de Minas Gerais protestam em frente \u00e0 ALMG","protesto dos delegados da pol\u00edcia civil de minas gerais em belo horizonte"],"articleSection":["Minas Gerais"],"inLanguage":"pt-BR","potentialAction":[{"@type":"CommentAction","name":"Comment","target":["https:\/\/aconteceunovale.com.br\/portal\/?p=32953#respond"]}]},{"@type":"WebPage","@id":"https:\/\/aconteceunovale.com.br\/portal\/?p=32953","url":"https:\/\/aconteceunovale.com.br\/portal\/?p=32953","name":"Delegados da Pol\u00edcia Civil de Minas Gerais protestam em frente \u00e0 ALMG - Aconteceu no Vale","isPartOf":{"@id":"https:\/\/aconteceunovale.com.br\/portal\/#website"},"primaryImageOfPage":{"@id":"https:\/\/aconteceunovale.com.br\/portal\/?p=32953#primaryimage"},"image":{"@id":"https:\/\/aconteceunovale.com.br\/portal\/?p=32953#primaryimage"},"thumbnailUrl":"https:\/\/aconteceunovale.com.br\/portal\/wp-content\/uploads\/2014\/06\/protesto_delegados_mg_25_4.jpg","datePublished":"2014-06-25T22:31:36+00:00","author":{"@id":"https:\/\/aconteceunovale.com.br\/portal\/#\/schema\/person\/633529146f2c94272bef50ac2953d589"},"breadcrumb":{"@id":"https:\/\/aconteceunovale.com.br\/portal\/?p=32953#breadcrumb"},"inLanguage":"pt-BR","potentialAction":[{"@type":"ReadAction","target":["https:\/\/aconteceunovale.com.br\/portal\/?p=32953"]}]},{"@type":"ImageObject","inLanguage":"pt-BR","@id":"https:\/\/aconteceunovale.com.br\/portal\/?p=32953#primaryimage","url":"https:\/\/aconteceunovale.com.br\/portal\/wp-content\/uploads\/2014\/06\/protesto_delegados_mg_25_4.jpg","contentUrl":"https:\/\/aconteceunovale.com.br\/portal\/wp-content\/uploads\/2014\/06\/protesto_delegados_mg_25_4.jpg","width":620,"height":413},{"@type":"BreadcrumbList","@id":"https:\/\/aconteceunovale.com.br\/portal\/?p=32953#breadcrumb","itemListElement":[{"@type":"ListItem","position":1,"name":"In\u00edcio","item":"https:\/\/aconteceunovale.com.br\/portal\/"},{"@type":"ListItem","position":2,"name":"Delegados da Pol\u00edcia Civil de Minas Gerais protestam em frente \u00e0 ALMG"}]},{"@type":"WebSite","@id":"https:\/\/aconteceunovale.com.br\/portal\/#website","url":"https:\/\/aconteceunovale.com.br\/portal\/","name":"Aconteceu no Vale","description":"Portal de Not\u00edcias","potentialAction":[{"@type":"SearchAction","target":{"@type":"EntryPoint","urlTemplate":"https:\/\/aconteceunovale.com.br\/portal\/?s={search_term_string}"},"query-input":{"@type":"PropertyValueSpecification","valueRequired":true,"valueName":"search_term_string"}}],"inLanguage":"pt-BR"},{"@type":"Person","@id":"https:\/\/aconteceunovale.com.br\/portal\/#\/schema\/person\/633529146f2c94272bef50ac2953d589","name":"Aconteceu no Vale","description":"Equipe de reportagem do Aconteceu no Vale, portal de not\u00edcias do Vale do Jequitinhonha, em Minas Gerais. Cobrimos as 51 cidades do Vale desde 2013. Sugest\u00f5es de pauta e pedidos de corre\u00e7\u00e3o: contato@aconteceunovale.com.br","sameAs":["http:\/\/www.aconteceunovale.com.br"],"url":"https:\/\/aconteceunovale.com.br\/portal\/?author=1"}]}},"_links":{"self":[{"href":"https:\/\/aconteceunovale.com.br\/portal\/index.php?rest_route=\/wp\/v2\/posts\/32953","targetHints":{"allow":["GET"]}}],"collection":[{"href":"https:\/\/aconteceunovale.com.br\/portal\/index.php?rest_route=\/wp\/v2\/posts"}],"about":[{"href":"https:\/\/aconteceunovale.com.br\/portal\/index.php?rest_route=\/wp\/v2\/types\/post"}],"author":[{"embeddable":true,"href":"https:\/\/aconteceunovale.com.br\/portal\/index.php?rest_route=\/wp\/v2\/users\/1"}],"replies":[{"embeddable":true,"href":"https:\/\/aconteceunovale.com.br\/portal\/index.php?rest_route=%2Fwp%2Fv2%2Fcomments&post=32953"}],"version-history":[{"count":0,"href":"https:\/\/aconteceunovale.com.br\/portal\/index.php?rest_route=\/wp\/v2\/posts\/32953\/revisions"}],"wp:featuredmedia":[{"embeddable":true,"href":"https:\/\/aconteceunovale.com.br\/portal\/index.php?rest_route=\/wp\/v2\/media\/32954"}],"wp:attachment":[{"href":"https:\/\/aconteceunovale.com.br\/portal\/index.php?rest_route=%2Fwp%2Fv2%2Fmedia&parent=32953"}],"wp:term":[{"taxonomy":"category","embeddable":true,"href":"https:\/\/aconteceunovale.com.br\/portal\/index.php?rest_route=%2Fwp%2Fv2%2Fcategories&post=32953"},{"taxonomy":"post_tag","embeddable":true,"href":"https:\/\/aconteceunovale.com.br\/portal\/index.php?rest_route=%2Fwp%2Fv2%2Ftags&post=32953"}],"curies":[{"name":"wp","href":"https:\/\/api.w.org\/{rel}","templated":true}]}}