{"id":32950,"date":"2014-06-25T19:13:42","date_gmt":"2014-06-25T22:13:42","guid":{"rendered":"http:\/\/aconteceunovale.com.br\/portal\/?p=32950"},"modified":"2026-09-02T13:00:47","modified_gmt":"2026-09-02T16:00:47","slug":"veiculo-de-francisco-badaro-capota-e-fica-suspenso-sobre-pedras-em-coronel-murta","status":"publish","type":"post","link":"https:\/\/aconteceunovale.com.br\/portal\/?p=32950","title":{"rendered":"Ve\u00edculo de Francisco Badar\u00f3 capota e fica suspenso sobre pedras em Coronel Murta"},"content":{"rendered":"<p>Tr\u00eas pessoas ficaram feridas em um acidente de tr\u00e2nsito registrado no final da manh\u00e3 desta quarta-feira, 25 de junho, em Coronel Murta, no Vale do Jequitinhonha. O ve\u00edculo placa CGA-1969, de Francisco Badar\u00f3\/MG, capotou na ponte sobre o Rio Jequitinhonha e ficou suspenso sobre o aterro.<\/p>\n<p>De acordo com informa\u00e7\u00f5es da Pol\u00edcia Militar Rodovi\u00e1ria, o motorista Gild\u00e1sio Alves relatou que seguia pela MGC-342, quando o pneu dianteiro estourou, fazendo com que ele perdesse o controle direcional e capotasse pr\u00f3ximo a cabeceira da ponte.<\/p>\n<p>Com o impacto do acidente, o condutor, a esposa e o filho sofreram ferimentos leves. Eles foram socorridos e encaminhados para uma unidade de sa\u00fade, onde receberam atendimento m\u00e9dico e foram liberados.<\/p>\n<p><img decoding=\"async\" src=\"http:\/\/aconteceunovale.com.br\/portal\/wp-content\/uploads\/2014\/06\/acidente_badaro_coronel_murat.jpg\" alt=\"\" \/><em>(Foto: Gazeta de Ara\u00e7ua\u00ed)<\/em><br \/>\n<\/br><\/p>\n<p><em><strong>(Fonte: Aconteceu no Vale \/ Gazeta de Ara\u00e7ua\u00ed)<\/strong><\/em><\/p>\n","protected":false},"excerpt":{"rendered":"<p>Tr\u00eas pessoas ficaram feridas em um acidente de tr\u00e2nsito registrado no final da manh\u00e3 desta quarta-feira, 25 de junho, em Coronel Murta, no Vale do Jequitinhonha. O ve\u00edculo placa CGA-1969, de Francisco Badar\u00f3\/MG, capotou na ponte sobre o Rio Jequitinhonha e ficou suspenso sobre o aterro. De acordo com informa\u00e7\u00f5es da Pol\u00edcia Militar Rodovi\u00e1ria, o [&hellip;]<\/p>\n","protected":false},"author":1,"featured_media":32951,"comment_status":"open","ping_status":"closed","sticky":false,"template":"","format":"standard","meta":{"amp_status":"","footnotes":""},"categories":[272540,272547,120],"tags":[483,1018,187,9609],"class_list":["post-32950","post","type-post","status-publish","format-standard","has-post-thumbnail","hentry","category-coronel-murta","category-francisco-badaro","category-jequi","tag-coronel-murta","tag-destaque","tag-francisco-badaro","tag-veiculo-de-francisco-badaro-capota-e-fica-suspenso-sobre-pedras-em-coronel-murta"],"yoast_head":"<!-- This site is optimized with the Yoast SEO plugin v28.3 - https:\/\/yoast.com\/product\/yoast-seo-wordpress\/ -->\n<title>Ve\u00edculo de Francisco Badar\u00f3 capota e fica suspenso sobre pedras em Coronel Murta - Aconteceu no Vale<\/title>\n<meta name=\"robots\" content=\"index, follow, max-snippet:-1, max-image-preview:large, max-video-preview:-1\" \/>\n<link rel=\"canonical\" href=\"https:\/\/aconteceunovale.com.br\/portal\/?p=32950\" \/>\n<meta property=\"og:locale\" content=\"pt_BR\" \/>\n<meta property=\"og:type\" content=\"article\" \/>\n<meta property=\"og:title\" content=\"Ve\u00edculo de Francisco Badar\u00f3 capota e fica suspenso sobre pedras em Coronel Murta - Aconteceu no Vale\" \/>\n<meta property=\"og:description\" content=\"Tr\u00eas pessoas ficaram feridas em um acidente de tr\u00e2nsito registrado no final da manh\u00e3 desta quarta-feira, 25 de junho, em Coronel Murta, no Vale do Jequitinhonha. O ve\u00edculo placa CGA-1969, de Francisco Badar\u00f3\/MG, capotou na ponte sobre o Rio Jequitinhonha e ficou suspenso sobre o aterro. De acordo com informa\u00e7\u00f5es da Pol\u00edcia Militar Rodovi\u00e1ria, o [&hellip;]\" \/>\n<meta property=\"og:url\" content=\"https:\/\/aconteceunovale.com.br\/portal\/?p=32950\" \/>\n<meta property=\"og:site_name\" content=\"Aconteceu no Vale\" \/>\n<meta property=\"article:publisher\" content=\"https:\/\/www.facebook.com\/aconteceunovale\/\" \/>\n<meta property=\"article:published_time\" content=\"2014-06-25T22:13:42+00:00\" \/>\n<meta property=\"article:modified_time\" content=\"2026-09-02T16:00:47+00:00\" \/>\n<meta property=\"og:image\" content=\"https:\/\/aconteceunovale.com.br\/portal\/wp-content\/uploads\/2014\/06\/acidente_badaro_coronel_murat.jpg\" \/>\n\t<meta property=\"og:image:width\" content=\"640\" \/>\n\t<meta property=\"og:image:height\" content=\"348\" \/>\n\t<meta property=\"og:image:type\" content=\"image\/jpeg\" \/>\n<meta name=\"author\" content=\"Aconteceu no Vale\" \/>\n<meta name=\"twitter:card\" content=\"summary_large_image\" \/>\n<meta name=\"twitter:creator\" content=\"@noticiadosvales\" \/>\n<meta name=\"twitter:site\" content=\"@noticiadosvales\" \/>\n<meta name=\"twitter:label1\" content=\"Escrito por\" \/>\n\t<meta name=\"twitter:data1\" content=\"Aconteceu no Vale\" \/>\n\t<meta name=\"twitter:label2\" content=\"Est. tempo de leitura\" \/>\n\t<meta name=\"twitter:data2\" content=\"1 minuto\" \/>\n<script type=\"application\/ld+json\" class=\"yoast-schema-graph\">{\"@context\":\"https:\\\/\\\/schema.org\",\"@graph\":[{\"@type\":\"Article\",\"@id\":\"https:\\\/\\\/aconteceunovale.com.br\\\/portal\\\/?p=32950#article\",\"isPartOf\":{\"@id\":\"https:\\\/\\\/aconteceunovale.com.br\\\/portal\\\/?p=32950\"},\"author\":{\"name\":\"Aconteceu no Vale\",\"@id\":\"https:\\\/\\\/aconteceunovale.com.br\\\/portal\\\/#\\\/schema\\\/person\\\/633529146f2c94272bef50ac2953d589\"},\"headline\":\"Ve\u00edculo de Francisco Badar\u00f3 capota e fica suspenso sobre pedras em Coronel Murta\",\"datePublished\":\"2014-06-25T22:13:42+00:00\",\"dateModified\":\"2026-09-02T16:00:47+00:00\",\"mainEntityOfPage\":{\"@id\":\"https:\\\/\\\/aconteceunovale.com.br\\\/portal\\\/?p=32950\"},\"wordCount\":152,\"commentCount\":0,\"image\":{\"@id\":\"https:\\\/\\\/aconteceunovale.com.br\\\/portal\\\/?p=32950#primaryimage\"},\"thumbnailUrl\":\"https:\\\/\\\/aconteceunovale.com.br\\\/portal\\\/wp-content\\\/uploads\\\/2014\\\/06\\\/acidente_badaro_coronel_murat.jpg\",\"keywords\":[\"Coronel Murta\",\"destaque\",\"Francisco Badar\u00f3\",\"Ve\u00edculo de Francisco Badar\u00f3 capota e fica suspenso sobre pedras em Coronel Murta\"],\"articleSection\":[\"Coronel Murta\",\"Francisco Badar\u00f3\",\"Vale do Jequitinhonha\"],\"inLanguage\":\"pt-BR\",\"potentialAction\":[{\"@type\":\"CommentAction\",\"name\":\"Comment\",\"target\":[\"https:\\\/\\\/aconteceunovale.com.br\\\/portal\\\/?p=32950#respond\"]}]},{\"@type\":\"WebPage\",\"@id\":\"https:\\\/\\\/aconteceunovale.com.br\\\/portal\\\/?p=32950\",\"url\":\"https:\\\/\\\/aconteceunovale.com.br\\\/portal\\\/?p=32950\",\"name\":\"Ve\u00edculo de Francisco Badar\u00f3 capota e fica suspenso sobre pedras em Coronel Murta - Aconteceu no Vale\",\"isPartOf\":{\"@id\":\"https:\\\/\\\/aconteceunovale.com.br\\\/portal\\\/#website\"},\"primaryImageOfPage\":{\"@id\":\"https:\\\/\\\/aconteceunovale.com.br\\\/portal\\\/?p=32950#primaryimage\"},\"image\":{\"@id\":\"https:\\\/\\\/aconteceunovale.com.br\\\/portal\\\/?p=32950#primaryimage\"},\"thumbnailUrl\":\"https:\\\/\\\/aconteceunovale.com.br\\\/portal\\\/wp-content\\\/uploads\\\/2014\\\/06\\\/acidente_badaro_coronel_murat.jpg\",\"datePublished\":\"2014-06-25T22:13:42+00:00\",\"dateModified\":\"2026-09-02T16:00:47+00:00\",\"author\":{\"@id\":\"https:\\\/\\\/aconteceunovale.com.br\\\/portal\\\/#\\\/schema\\\/person\\\/633529146f2c94272bef50ac2953d589\"},\"breadcrumb\":{\"@id\":\"https:\\\/\\\/aconteceunovale.com.br\\\/portal\\\/?p=32950#breadcrumb\"},\"inLanguage\":\"pt-BR\",\"potentialAction\":[{\"@type\":\"ReadAction\",\"target\":[\"https:\\\/\\\/aconteceunovale.com.br\\\/portal\\\/?p=32950\"]}]},{\"@type\":\"ImageObject\",\"inLanguage\":\"pt-BR\",\"@id\":\"https:\\\/\\\/aconteceunovale.com.br\\\/portal\\\/?p=32950#primaryimage\",\"url\":\"https:\\\/\\\/aconteceunovale.com.br\\\/portal\\\/wp-content\\\/uploads\\\/2014\\\/06\\\/acidente_badaro_coronel_murat.jpg\",\"contentUrl\":\"https:\\\/\\\/aconteceunovale.com.br\\\/portal\\\/wp-content\\\/uploads\\\/2014\\\/06\\\/acidente_badaro_coronel_murat.jpg\",\"width\":640,\"height\":348},{\"@type\":\"BreadcrumbList\",\"@id\":\"https:\\\/\\\/aconteceunovale.com.br\\\/portal\\\/?p=32950#breadcrumb\",\"itemListElement\":[{\"@type\":\"ListItem\",\"position\":1,\"name\":\"In\u00edcio\",\"item\":\"https:\\\/\\\/aconteceunovale.com.br\\\/portal\\\/\"},{\"@type\":\"ListItem\",\"position\":2,\"name\":\"Ve\u00edculo de Francisco Badar\u00f3 capota e fica suspenso sobre pedras em Coronel Murta\"}]},{\"@type\":\"WebSite\",\"@id\":\"https:\\\/\\\/aconteceunovale.com.br\\\/portal\\\/#website\",\"url\":\"https:\\\/\\\/aconteceunovale.com.br\\\/portal\\\/\",\"name\":\"Aconteceu no Vale\",\"description\":\"Portal de Not\u00edcias\",\"potentialAction\":[{\"@type\":\"SearchAction\",\"target\":{\"@type\":\"EntryPoint\",\"urlTemplate\":\"https:\\\/\\\/aconteceunovale.com.br\\\/portal\\\/?s={search_term_string}\"},\"query-input\":{\"@type\":\"PropertyValueSpecification\",\"valueRequired\":true,\"valueName\":\"search_term_string\"}}],\"inLanguage\":\"pt-BR\"},{\"@type\":\"Person\",\"@id\":\"https:\\\/\\\/aconteceunovale.com.br\\\/portal\\\/#\\\/schema\\\/person\\\/633529146f2c94272bef50ac2953d589\",\"name\":\"Aconteceu no Vale\",\"description\":\"Equipe de reportagem do Aconteceu no Vale, portal de not\u00edcias do Vale do Jequitinhonha, em Minas Gerais. Cobrimos as 51 cidades do Vale desde 2013. Sugest\u00f5es de pauta e pedidos de corre\u00e7\u00e3o: contato@aconteceunovale.com.br\",\"sameAs\":[\"http:\\\/\\\/www.aconteceunovale.com.br\"],\"url\":\"https:\\\/\\\/aconteceunovale.com.br\\\/portal\\\/?author=1\"}]}<\/script>\n<!-- \/ Yoast SEO plugin. -->","yoast_head_json":{"title":"Ve\u00edculo de Francisco Badar\u00f3 capota e fica suspenso sobre pedras em Coronel Murta - Aconteceu no Vale","robots":{"index":"index","follow":"follow","max-snippet":"max-snippet:-1","max-image-preview":"max-image-preview:large","max-video-preview":"max-video-preview:-1"},"canonical":"https:\/\/aconteceunovale.com.br\/portal\/?p=32950","og_locale":"pt_BR","og_type":"article","og_title":"Ve\u00edculo de Francisco Badar\u00f3 capota e fica suspenso sobre pedras em Coronel Murta - Aconteceu no Vale","og_description":"Tr\u00eas pessoas ficaram feridas em um acidente de tr\u00e2nsito registrado no final da manh\u00e3 desta quarta-feira, 25 de junho, em Coronel Murta, no Vale do Jequitinhonha. O ve\u00edculo placa CGA-1969, de Francisco Badar\u00f3\/MG, capotou na ponte sobre o Rio Jequitinhonha e ficou suspenso sobre o aterro. De acordo com informa\u00e7\u00f5es da Pol\u00edcia Militar Rodovi\u00e1ria, o [&hellip;]","og_url":"https:\/\/aconteceunovale.com.br\/portal\/?p=32950","og_site_name":"Aconteceu no Vale","article_publisher":"https:\/\/www.facebook.com\/aconteceunovale\/","article_published_time":"2014-06-25T22:13:42+00:00","article_modified_time":"2026-09-02T16:00:47+00:00","og_image":[{"width":640,"height":348,"url":"https:\/\/aconteceunovale.com.br\/portal\/wp-content\/uploads\/2014\/06\/acidente_badaro_coronel_murat.jpg","type":"image\/jpeg"}],"author":"Aconteceu no Vale","twitter_card":"summary_large_image","twitter_creator":"@noticiadosvales","twitter_site":"@noticiadosvales","twitter_misc":{"Escrito por":"Aconteceu no Vale","Est. tempo de leitura":"1 minuto"},"schema":{"@context":"https:\/\/schema.org","@graph":[{"@type":"Article","@id":"https:\/\/aconteceunovale.com.br\/portal\/?p=32950#article","isPartOf":{"@id":"https:\/\/aconteceunovale.com.br\/portal\/?p=32950"},"author":{"name":"Aconteceu no Vale","@id":"https:\/\/aconteceunovale.com.br\/portal\/#\/schema\/person\/633529146f2c94272bef50ac2953d589"},"headline":"Ve\u00edculo de Francisco Badar\u00f3 capota e fica suspenso sobre pedras em Coronel Murta","datePublished":"2014-06-25T22:13:42+00:00","dateModified":"2026-09-02T16:00:47+00:00","mainEntityOfPage":{"@id":"https:\/\/aconteceunovale.com.br\/portal\/?p=32950"},"wordCount":152,"commentCount":0,"image":{"@id":"https:\/\/aconteceunovale.com.br\/portal\/?p=32950#primaryimage"},"thumbnailUrl":"https:\/\/aconteceunovale.com.br\/portal\/wp-content\/uploads\/2014\/06\/acidente_badaro_coronel_murat.jpg","keywords":["Coronel Murta","destaque","Francisco Badar\u00f3","Ve\u00edculo de Francisco Badar\u00f3 capota e fica suspenso sobre pedras em Coronel Murta"],"articleSection":["Coronel Murta","Francisco Badar\u00f3","Vale do Jequitinhonha"],"inLanguage":"pt-BR","potentialAction":[{"@type":"CommentAction","name":"Comment","target":["https:\/\/aconteceunovale.com.br\/portal\/?p=32950#respond"]}]},{"@type":"WebPage","@id":"https:\/\/aconteceunovale.com.br\/portal\/?p=32950","url":"https:\/\/aconteceunovale.com.br\/portal\/?p=32950","name":"Ve\u00edculo de Francisco Badar\u00f3 capota e fica suspenso sobre pedras em Coronel Murta - Aconteceu no Vale","isPartOf":{"@id":"https:\/\/aconteceunovale.com.br\/portal\/#website"},"primaryImageOfPage":{"@id":"https:\/\/aconteceunovale.com.br\/portal\/?p=32950#primaryimage"},"image":{"@id":"https:\/\/aconteceunovale.com.br\/portal\/?p=32950#primaryimage"},"thumbnailUrl":"https:\/\/aconteceunovale.com.br\/portal\/wp-content\/uploads\/2014\/06\/acidente_badaro_coronel_murat.jpg","datePublished":"2014-06-25T22:13:42+00:00","dateModified":"2026-09-02T16:00:47+00:00","author":{"@id":"https:\/\/aconteceunovale.com.br\/portal\/#\/schema\/person\/633529146f2c94272bef50ac2953d589"},"breadcrumb":{"@id":"https:\/\/aconteceunovale.com.br\/portal\/?p=32950#breadcrumb"},"inLanguage":"pt-BR","potentialAction":[{"@type":"ReadAction","target":["https:\/\/aconteceunovale.com.br\/portal\/?p=32950"]}]},{"@type":"ImageObject","inLanguage":"pt-BR","@id":"https:\/\/aconteceunovale.com.br\/portal\/?p=32950#primaryimage","url":"https:\/\/aconteceunovale.com.br\/portal\/wp-content\/uploads\/2014\/06\/acidente_badaro_coronel_murat.jpg","contentUrl":"https:\/\/aconteceunovale.com.br\/portal\/wp-content\/uploads\/2014\/06\/acidente_badaro_coronel_murat.jpg","width":640,"height":348},{"@type":"BreadcrumbList","@id":"https:\/\/aconteceunovale.com.br\/portal\/?p=32950#breadcrumb","itemListElement":[{"@type":"ListItem","position":1,"name":"In\u00edcio","item":"https:\/\/aconteceunovale.com.br\/portal\/"},{"@type":"ListItem","position":2,"name":"Ve\u00edculo de Francisco Badar\u00f3 capota e fica suspenso sobre pedras em Coronel Murta"}]},{"@type":"WebSite","@id":"https:\/\/aconteceunovale.com.br\/portal\/#website","url":"https:\/\/aconteceunovale.com.br\/portal\/","name":"Aconteceu no Vale","description":"Portal de Not\u00edcias","potentialAction":[{"@type":"SearchAction","target":{"@type":"EntryPoint","urlTemplate":"https:\/\/aconteceunovale.com.br\/portal\/?s={search_term_string}"},"query-input":{"@type":"PropertyValueSpecification","valueRequired":true,"valueName":"search_term_string"}}],"inLanguage":"pt-BR"},{"@type":"Person","@id":"https:\/\/aconteceunovale.com.br\/portal\/#\/schema\/person\/633529146f2c94272bef50ac2953d589","name":"Aconteceu no Vale","description":"Equipe de reportagem do Aconteceu no Vale, portal de not\u00edcias do Vale do Jequitinhonha, em Minas Gerais. Cobrimos as 51 cidades do Vale desde 2013. Sugest\u00f5es de pauta e pedidos de corre\u00e7\u00e3o: contato@aconteceunovale.com.br","sameAs":["http:\/\/www.aconteceunovale.com.br"],"url":"https:\/\/aconteceunovale.com.br\/portal\/?author=1"}]}},"_links":{"self":[{"href":"https:\/\/aconteceunovale.com.br\/portal\/index.php?rest_route=\/wp\/v2\/posts\/32950","targetHints":{"allow":["GET"]}}],"collection":[{"href":"https:\/\/aconteceunovale.com.br\/portal\/index.php?rest_route=\/wp\/v2\/posts"}],"about":[{"href":"https:\/\/aconteceunovale.com.br\/portal\/index.php?rest_route=\/wp\/v2\/types\/post"}],"author":[{"embeddable":true,"href":"https:\/\/aconteceunovale.com.br\/portal\/index.php?rest_route=\/wp\/v2\/users\/1"}],"replies":[{"embeddable":true,"href":"https:\/\/aconteceunovale.com.br\/portal\/index.php?rest_route=%2Fwp%2Fv2%2Fcomments&post=32950"}],"version-history":[{"count":1,"href":"https:\/\/aconteceunovale.com.br\/portal\/index.php?rest_route=\/wp\/v2\/posts\/32950\/revisions"}],"predecessor-version":[{"id":200297,"href":"https:\/\/aconteceunovale.com.br\/portal\/index.php?rest_route=\/wp\/v2\/posts\/32950\/revisions\/200297"}],"wp:featuredmedia":[{"embeddable":true,"href":"https:\/\/aconteceunovale.com.br\/portal\/index.php?rest_route=\/wp\/v2\/media\/32951"}],"wp:attachment":[{"href":"https:\/\/aconteceunovale.com.br\/portal\/index.php?rest_route=%2Fwp%2Fv2%2Fmedia&parent=32950"}],"wp:term":[{"taxonomy":"category","embeddable":true,"href":"https:\/\/aconteceunovale.com.br\/portal\/index.php?rest_route=%2Fwp%2Fv2%2Fcategories&post=32950"},{"taxonomy":"post_tag","embeddable":true,"href":"https:\/\/aconteceunovale.com.br\/portal\/index.php?rest_route=%2Fwp%2Fv2%2Ftags&post=32950"}],"curies":[{"name":"wp","href":"https:\/\/api.w.org\/{rel}","templated":true}]}}