{"id":32942,"date":"2014-06-25T18:53:30","date_gmt":"2014-06-25T21:53:30","guid":{"rendered":"http:\/\/aconteceunovale.com.br\/portal\/?p=32942"},"modified":"2014-06-25T18:53:30","modified_gmt":"2014-06-25T21:53:30","slug":"nao-tinha-nada-a-ver-com-a-situacao-diz-homem-agredido-por-policiais-em-montes-claros","status":"publish","type":"post","link":"https:\/\/aconteceunovale.com.br\/portal\/?p=32942","title":{"rendered":"\u201cN\u00e3o tinha nada a ver com a situa\u00e7\u00e3o\u201d, diz homem agredido por policiais em Montes Claros"},"content":{"rendered":"<h4><strong>Homem de 28 teve nariz fraturado e uma veia rompida ap\u00f3s levar pancada. A\u00e7\u00e3o da pol\u00edcia foi filmada e divulgada em uma rede social.<\/strong><\/h4>\n<p><img decoding=\"async\" src=\"http:\/\/aconteceunovale.com.br\/portal\/wp-content\/uploads\/2014\/06\/agredido_moc_1.jpg\" alt=\"\" \/><em>Homem levou pancada em tumulto ap\u00f3s jogo entre Brasil e Camar\u00f5es. (Foto: Alexandre Fonseca\/G1)<\/em><br \/>\n<\/br><\/p>\n<p>Agredido por um policial militar em um tumulto ap\u00f3s a partida entre Brasil e Camar\u00f5es, na Avenida Deputado Esteve Rodrigues, regi\u00e3o central de Montes Claros, o estudante de 28 anos, que prefere n\u00e3o se identificar, diz que teve uma veia rompida e o nariz quebrado ao tentar filmar a a\u00e7\u00e3o da PM.<\/p>\n<p>Acionados para atender uma ocorr\u00eancia de perturba\u00e7\u00e3o ao sossego, a atua\u00e7\u00e3o dos policiais foi filmada por outro jovem e publicada em uma rede social.<\/p>\n<p><strong><em>Veja o v\u00eddeo publicado em uma rede social:<\/em><\/strong><\/p>\n<p><iframe loading=\"lazy\" width=\"640\" height=\"480\" src=\"\/\/www.youtube.com\/embed\/T_WADKf5C1g\" frameborder=\"0\" allowfullscreen><\/iframe><\/p>\n<p>\u201cN\u00e3o esperava que a pancada fosse t\u00e3o forte. Ficou uma po\u00e7a de sangue no ch\u00e3o. Eu tive uma fratura no nariz e estourou uma veia, por isso a quantidade de sangue\u201d, comenta o rapaz.<\/p>\n<p>Para o jovem, a a\u00e7\u00e3o dos policias foi excessiva. \u201cNunca imaginei que por causa de um celular eu fosse levar uma pancada para desmaiar\u201d, relata.<\/p>\n<p>Ainda segundo a v\u00edtima, se ele n\u00e3o tivesse pegado o celular, nada teria acontecido. \u201cEu n\u00e3o tinha nada a ver com a situa\u00e7\u00e3o. Na verdade, acho que nem o pessoal que eles prenderam n\u00e3o tinha. Eles foram pegando e colocando na viatura. Meu irm\u00e3o tamb\u00e9m foi conduzido\u201d, completa.<\/p>\n<p>De acordo com a PM, a corpora\u00e7\u00e3o foi acionada para atender uma ocorr\u00eancia de perturba\u00e7\u00e3o de sossego. Um grupo estaria incomodando os demais moradores com o som alto de um carro estacionado em um posto de gasolina.<\/p>\n<p>Ao todo 16 pessoas foram detidas por desacato e dano ao patrim\u00f4nio p\u00fablico. A PM calcula que cerca de 500 pessoas estavam no local no momento do incidente.<\/p>\n<p>Na a\u00e7\u00e3o foram usadas balas de borracha, g\u00e1s lacrimog\u00eanio e de pimenta e, segundo a pol\u00edcia, viaturas chegaram a ser danificadas e policias agredidos.<\/p>\n<p>Em nota, a assessoria de comunica\u00e7\u00e3o da 11\u00aa Regi\u00e3o da Pol\u00edcia Militar, afirma que em face do v\u00eddeo apresentado nas redes sociais e que diz respeito \u00e0 atua\u00e7\u00e3o de um policial militar no local do fato, o Comando Regional determinou a instaura\u00e7\u00e3o de um inqu\u00e9rito, visando apurar o ocorrido.<\/p>\n<p>&#8220;\u00c9 conveniente esclarecer, ainda, que as dilig\u00eancias da presente apura\u00e7\u00e3o j\u00e1 se iniciaram com as audi\u00e7\u00f5es dos militares envolvidos na a\u00e7\u00e3o. O policial militar envolvido diretamente na cena do v\u00eddeo encontra-se afastado da atividade operacional at\u00e9 o t\u00e9rmino da apura\u00e7\u00e3o, quando ser\u00e3o conhecidas as demais provid\u00eancias em rela\u00e7\u00e3o ao caso&#8221;, diz a PM em nota.<\/p>\n<p><img decoding=\"async\" src=\"http:\/\/aconteceunovale.com.br\/portal\/wp-content\/uploads\/2014\/06\/agredido_moc_2.jpg\" alt=\"\" \/><em>Blusa do rapaz ficou suja de sangue. (Foto: Alexandre Fonseca\/G1)<\/em><br \/>\n<\/br><\/p>\n<p><em><strong>(Fonte: Inter TV Grande Minas)<\/strong><\/em><\/p>\n","protected":false},"excerpt":{"rendered":"<p>Homem de 28 teve nariz fraturado e uma veia rompida ap\u00f3s levar pancada. A\u00e7\u00e3o da pol\u00edcia foi filmada e divulgada em uma rede social. Homem levou pancada em tumulto ap\u00f3s jogo entre Brasil e Camar\u00f5es. (Foto: Alexandre Fonseca\/G1) Agredido por um policial militar em um tumulto ap\u00f3s a partida entre Brasil e Camar\u00f5es, na Avenida [&hellip;]<\/p>\n","protected":false},"author":1,"featured_media":32943,"comment_status":"open","ping_status":"closed","sticky":false,"template":"","format":"standard","meta":{"amp_status":"","footnotes":""},"categories":[1236],"tags":[9599,1018,9597,210,9598],"class_list":["post-32942","post","type-post","status-publish","format-standard","has-post-thumbnail","hentry","category-norte_de_minas","tag-agressao-de-policiais-militares-em-montes-claros","tag-destaque","tag-homem-agredido-por-policiais-em-montes-claros","tag-montes-claros","tag-video-de-agressao-violenta-de-policiais-militares-em-montes-claros"],"_links":{"self":[{"href":"https:\/\/aconteceunovale.com.br\/portal\/index.php?rest_route=\/wp\/v2\/posts\/32942","targetHints":{"allow":["GET"]}}],"collection":[{"href":"https:\/\/aconteceunovale.com.br\/portal\/index.php?rest_route=\/wp\/v2\/posts"}],"about":[{"href":"https:\/\/aconteceunovale.com.br\/portal\/index.php?rest_route=\/wp\/v2\/types\/post"}],"author":[{"embeddable":true,"href":"https:\/\/aconteceunovale.com.br\/portal\/index.php?rest_route=\/wp\/v2\/users\/1"}],"replies":[{"embeddable":true,"href":"https:\/\/aconteceunovale.com.br\/portal\/index.php?rest_route=%2Fwp%2Fv2%2Fcomments&post=32942"}],"version-history":[{"count":0,"href":"https:\/\/aconteceunovale.com.br\/portal\/index.php?rest_route=\/wp\/v2\/posts\/32942\/revisions"}],"wp:featuredmedia":[{"embeddable":true,"href":"https:\/\/aconteceunovale.com.br\/portal\/index.php?rest_route=\/wp\/v2\/media\/32943"}],"wp:attachment":[{"href":"https:\/\/aconteceunovale.com.br\/portal\/index.php?rest_route=%2Fwp%2Fv2%2Fmedia&parent=32942"}],"wp:term":[{"taxonomy":"category","embeddable":true,"href":"https:\/\/aconteceunovale.com.br\/portal\/index.php?rest_route=%2Fwp%2Fv2%2Fcategories&post=32942"},{"taxonomy":"post_tag","embeddable":true,"href":"https:\/\/aconteceunovale.com.br\/portal\/index.php?rest_route=%2Fwp%2Fv2%2Ftags&post=32942"}],"curies":[{"name":"wp","href":"https:\/\/api.w.org\/{rel}","templated":true}]}}