{"id":32930,"date":"2014-06-25T18:18:04","date_gmt":"2014-06-25T21:18:04","guid":{"rendered":"http:\/\/aconteceunovale.com.br\/portal\/?p=32930"},"modified":"2014-06-25T21:28:24","modified_gmt":"2014-06-26T00:28:24","slug":"justica-cumpre-mandado-de-reintegracao-de-posse-na-sede-do-corpo-de-bombeiros-voluntarios-de-caratinga","status":"publish","type":"post","link":"https:\/\/aconteceunovale.com.br\/portal\/?p=32930","title":{"rendered":"Justi\u00e7a cumpre mandado de reintegra\u00e7\u00e3o de posse na sede dos Bombeiros Volunt\u00e1rios de Caratinga"},"content":{"rendered":"<p>Oficiais de justi\u00e7a cumpriram nesta manh\u00e3 de quarta-feira (25\/06), na sede do Corpo de Bombeiros Volunt\u00e1rios de Caratinga (CBVC), um mandado de reintegra\u00e7\u00e3o de posse. Os bombeiros volunt\u00e1rios j\u00e1 come\u00e7aram a desocupar o im\u00f3vel e a devolver os equipamentos e ve\u00edculos pertencentes ao munic\u00edpio.<\/p>\n<p>Segundo determina\u00e7\u00e3o da Justi\u00e7a, o Corpo de Bombeiros vai entregar \u00e0 prefeitura cinco ve\u00edculos, entre eles, o caminh\u00e3o de combate a inc\u00eandio, al\u00e9m de uma bomba centr\u00edfuga e uma motosserra \u00e0 gasolina.<\/p>\n<p>Mesmo diante das dificuldades financeiras e da recente decis\u00e3o da Justi\u00e7a, o Corpo de Bombeiros n\u00e3o vai deixar de atender aos chamados da popula\u00e7\u00e3o, conforme destacado pelo presidente Fernando Lima. O telefone da corpora\u00e7\u00e3o continua o mesmo: 3322-3334.<\/p>\n<p>Os bombeiros volunt\u00e1rios v\u00e3o montar o escrit\u00f3rio administrativo em um local localizado \u00e0 Avenida Oleg\u00e1rio Maciel e os equipamentos v\u00e3o para outro endere\u00e7o a ser ainda anunciado.<\/p>\n<h4><strong>Nota divulgada pela Prefeitura de Caratinga<\/strong><\/h4>\n<p>A Prefeitura de Caratinga esclarece que a reintegra\u00e7\u00e3o de posse de equipamentos e das instala\u00e7\u00f5es que estavam sob os cuidados do CBVC (Corpo de Bombeiros Volunt\u00e1rios de Caratinga) se fez por determina\u00e7\u00e3o judicial.<\/p>\n<p>A Administra\u00e7\u00e3o Municipal lamenta o ocorrido. No entanto, a Prefeitura esclarece \u00e0 popula\u00e7\u00e3o que o Grupamento de Bombeiro Civil de Caratinga j\u00e1 vem atendendo \u00e0s demandas de urg\u00eancia e emerg\u00eancia dos mun\u00edcipes, motivo pelo qual a popula\u00e7\u00e3o pode continuar tranquila.<\/p>\n<p><strong><em>Reportagem da TV Super Canal:<\/em><\/strong><\/p>\n<p><iframe loading=\"lazy\" width=\"640\" height=\"480\" src=\"\/\/www.youtube.com\/embed\/9qIDgTbwbcw\" frameborder=\"0\" allowfullscreen><\/iframe><\/p>\n<p><em>(Fonte: TV Super Canal)<\/em><\/p>\n","protected":false},"excerpt":{"rendered":"<p>Oficiais de justi\u00e7a cumpriram nesta manh\u00e3 de quarta-feira (25\/06), na sede do Corpo de Bombeiros Volunt\u00e1rios de Caratinga (CBVC), um mandado de reintegra\u00e7\u00e3o de posse. Os bombeiros volunt\u00e1rios j\u00e1 come\u00e7aram a desocupar o im\u00f3vel e a devolver os equipamentos e ve\u00edculos pertencentes ao munic\u00edpio. Segundo determina\u00e7\u00e3o da Justi\u00e7a, o Corpo de Bombeiros vai entregar \u00e0 [&hellip;]<\/p>\n","protected":false},"author":1,"featured_media":32931,"comment_status":"open","ping_status":"closed","sticky":false,"template":"","format":"standard","meta":{"amp_status":"","footnotes":""},"categories":[121],"tags":[237,9589,9590],"class_list":["post-32930","post","type-post","status-publish","format-standard","has-post-thumbnail","hentry","category-leste","tag-caratinga","tag-justica-cumpre-mandado-de-reintegracao-de-posse-na-sede-do-corpo-de-bombeiros-voluntarios-de-caratinga","tag-justica-cumpre-mandado-de-reintegracao-de-posse-na-sede-dos-bombeiros-voluntarios-de-caratinga"],"yoast_head":"<!-- This site is optimized with the Yoast SEO plugin v28.3 - https:\/\/yoast.com\/product\/yoast-seo-wordpress\/ -->\n<title>Justi\u00e7a cumpre mandado de reintegra\u00e7\u00e3o de posse na sede dos Bombeiros Volunt\u00e1rios de Caratinga - Aconteceu no Vale<\/title>\n<meta name=\"robots\" content=\"index, follow, max-snippet:-1, max-image-preview:large, max-video-preview:-1\" \/>\n<link rel=\"canonical\" href=\"https:\/\/aconteceunovale.com.br\/portal\/?p=32930\" \/>\n<meta property=\"og:locale\" content=\"pt_BR\" \/>\n<meta property=\"og:type\" content=\"article\" \/>\n<meta property=\"og:title\" content=\"Justi\u00e7a cumpre mandado de reintegra\u00e7\u00e3o de posse na sede dos Bombeiros Volunt\u00e1rios de Caratinga - Aconteceu no Vale\" \/>\n<meta property=\"og:description\" content=\"Oficiais de justi\u00e7a cumpriram nesta manh\u00e3 de quarta-feira (25\/06), na sede do Corpo de Bombeiros Volunt\u00e1rios de Caratinga (CBVC), um mandado de reintegra\u00e7\u00e3o de posse. Os bombeiros volunt\u00e1rios j\u00e1 come\u00e7aram a desocupar o im\u00f3vel e a devolver os equipamentos e ve\u00edculos pertencentes ao munic\u00edpio. Segundo determina\u00e7\u00e3o da Justi\u00e7a, o Corpo de Bombeiros vai entregar \u00e0 [&hellip;]\" \/>\n<meta property=\"og:url\" content=\"https:\/\/aconteceunovale.com.br\/portal\/?p=32930\" \/>\n<meta property=\"og:site_name\" content=\"Aconteceu no Vale\" \/>\n<meta property=\"article:publisher\" content=\"https:\/\/www.facebook.com\/aconteceunovale\/\" \/>\n<meta property=\"article:published_time\" content=\"2014-06-25T21:18:04+00:00\" \/>\n<meta property=\"article:modified_time\" content=\"2014-06-26T00:28:24+00:00\" \/>\n<meta property=\"og:image\" content=\"https:\/\/aconteceunovale.com.br\/portal\/wp-content\/uploads\/2014\/06\/reintegracao_posse_caratinga.jpg\" \/>\n\t<meta property=\"og:image:width\" content=\"675\" \/>\n\t<meta property=\"og:image:height\" content=\"450\" \/>\n\t<meta property=\"og:image:type\" content=\"image\/jpeg\" \/>\n<meta name=\"author\" content=\"Aconteceu no Vale\" \/>\n<meta name=\"twitter:card\" content=\"summary_large_image\" \/>\n<meta name=\"twitter:creator\" content=\"@noticiadosvales\" \/>\n<meta name=\"twitter:site\" content=\"@noticiadosvales\" \/>\n<meta name=\"twitter:label1\" content=\"Escrito por\" \/>\n\t<meta name=\"twitter:data1\" content=\"Aconteceu no Vale\" \/>\n\t<meta name=\"twitter:label2\" content=\"Est. tempo de leitura\" \/>\n\t<meta name=\"twitter:data2\" content=\"1 minuto\" \/>\n<script type=\"application\/ld+json\" class=\"yoast-schema-graph\">{\"@context\":\"https:\\\/\\\/schema.org\",\"@graph\":[{\"@type\":\"Article\",\"@id\":\"https:\\\/\\\/aconteceunovale.com.br\\\/portal\\\/?p=32930#article\",\"isPartOf\":{\"@id\":\"https:\\\/\\\/aconteceunovale.com.br\\\/portal\\\/?p=32930\"},\"author\":{\"name\":\"Aconteceu no Vale\",\"@id\":\"https:\\\/\\\/aconteceunovale.com.br\\\/portal\\\/#\\\/schema\\\/person\\\/633529146f2c94272bef50ac2953d589\"},\"headline\":\"Justi\u00e7a cumpre mandado de reintegra\u00e7\u00e3o de posse na sede dos Bombeiros Volunt\u00e1rios de Caratinga\",\"datePublished\":\"2014-06-25T21:18:04+00:00\",\"dateModified\":\"2014-06-26T00:28:24+00:00\",\"mainEntityOfPage\":{\"@id\":\"https:\\\/\\\/aconteceunovale.com.br\\\/portal\\\/?p=32930\"},\"wordCount\":277,\"commentCount\":0,\"image\":{\"@id\":\"https:\\\/\\\/aconteceunovale.com.br\\\/portal\\\/?p=32930#primaryimage\"},\"thumbnailUrl\":\"https:\\\/\\\/aconteceunovale.com.br\\\/portal\\\/wp-content\\\/uploads\\\/2014\\\/06\\\/reintegracao_posse_caratinga.jpg\",\"keywords\":[\"Caratinga\",\"Justi\u00e7a cumpre mandado de reintegra\u00e7\u00e3o de posse na sede do Corpo de Bombeiros Volunt\u00e1rios de Caratinga\",\"Justi\u00e7a cumpre mandado de reintegra\u00e7\u00e3o de posse na sede dos Bombeiros Volunt\u00e1rios de Caratinga\"],\"articleSection\":[\"Leste de Minas\"],\"inLanguage\":\"pt-BR\",\"potentialAction\":[{\"@type\":\"CommentAction\",\"name\":\"Comment\",\"target\":[\"https:\\\/\\\/aconteceunovale.com.br\\\/portal\\\/?p=32930#respond\"]}]},{\"@type\":\"WebPage\",\"@id\":\"https:\\\/\\\/aconteceunovale.com.br\\\/portal\\\/?p=32930\",\"url\":\"https:\\\/\\\/aconteceunovale.com.br\\\/portal\\\/?p=32930\",\"name\":\"Justi\u00e7a cumpre mandado de reintegra\u00e7\u00e3o de posse na sede dos Bombeiros Volunt\u00e1rios de Caratinga - Aconteceu no Vale\",\"isPartOf\":{\"@id\":\"https:\\\/\\\/aconteceunovale.com.br\\\/portal\\\/#website\"},\"primaryImageOfPage\":{\"@id\":\"https:\\\/\\\/aconteceunovale.com.br\\\/portal\\\/?p=32930#primaryimage\"},\"image\":{\"@id\":\"https:\\\/\\\/aconteceunovale.com.br\\\/portal\\\/?p=32930#primaryimage\"},\"thumbnailUrl\":\"https:\\\/\\\/aconteceunovale.com.br\\\/portal\\\/wp-content\\\/uploads\\\/2014\\\/06\\\/reintegracao_posse_caratinga.jpg\",\"datePublished\":\"2014-06-25T21:18:04+00:00\",\"dateModified\":\"2014-06-26T00:28:24+00:00\",\"author\":{\"@id\":\"https:\\\/\\\/aconteceunovale.com.br\\\/portal\\\/#\\\/schema\\\/person\\\/633529146f2c94272bef50ac2953d589\"},\"breadcrumb\":{\"@id\":\"https:\\\/\\\/aconteceunovale.com.br\\\/portal\\\/?p=32930#breadcrumb\"},\"inLanguage\":\"pt-BR\",\"potentialAction\":[{\"@type\":\"ReadAction\",\"target\":[\"https:\\\/\\\/aconteceunovale.com.br\\\/portal\\\/?p=32930\"]}]},{\"@type\":\"ImageObject\",\"inLanguage\":\"pt-BR\",\"@id\":\"https:\\\/\\\/aconteceunovale.com.br\\\/portal\\\/?p=32930#primaryimage\",\"url\":\"https:\\\/\\\/aconteceunovale.com.br\\\/portal\\\/wp-content\\\/uploads\\\/2014\\\/06\\\/reintegracao_posse_caratinga.jpg\",\"contentUrl\":\"https:\\\/\\\/aconteceunovale.com.br\\\/portal\\\/wp-content\\\/uploads\\\/2014\\\/06\\\/reintegracao_posse_caratinga.jpg\",\"width\":675,\"height\":450},{\"@type\":\"BreadcrumbList\",\"@id\":\"https:\\\/\\\/aconteceunovale.com.br\\\/portal\\\/?p=32930#breadcrumb\",\"itemListElement\":[{\"@type\":\"ListItem\",\"position\":1,\"name\":\"In\u00edcio\",\"item\":\"https:\\\/\\\/aconteceunovale.com.br\\\/portal\\\/\"},{\"@type\":\"ListItem\",\"position\":2,\"name\":\"Justi\u00e7a cumpre mandado de reintegra\u00e7\u00e3o de posse na sede dos Bombeiros Volunt\u00e1rios de Caratinga\"}]},{\"@type\":\"WebSite\",\"@id\":\"https:\\\/\\\/aconteceunovale.com.br\\\/portal\\\/#website\",\"url\":\"https:\\\/\\\/aconteceunovale.com.br\\\/portal\\\/\",\"name\":\"Aconteceu no Vale\",\"description\":\"Portal de Not\u00edcias\",\"potentialAction\":[{\"@type\":\"SearchAction\",\"target\":{\"@type\":\"EntryPoint\",\"urlTemplate\":\"https:\\\/\\\/aconteceunovale.com.br\\\/portal\\\/?s={search_term_string}\"},\"query-input\":{\"@type\":\"PropertyValueSpecification\",\"valueRequired\":true,\"valueName\":\"search_term_string\"}}],\"inLanguage\":\"pt-BR\"},{\"@type\":\"Person\",\"@id\":\"https:\\\/\\\/aconteceunovale.com.br\\\/portal\\\/#\\\/schema\\\/person\\\/633529146f2c94272bef50ac2953d589\",\"name\":\"Aconteceu no Vale\",\"description\":\"Equipe de reportagem do Aconteceu no Vale, portal de not\u00edcias do Vale do Jequitinhonha, em Minas Gerais. Cobrimos as 51 cidades do Vale desde 2013. Sugest\u00f5es de pauta e pedidos de corre\u00e7\u00e3o: contato@aconteceunovale.com.br\",\"sameAs\":[\"http:\\\/\\\/www.aconteceunovale.com.br\"],\"url\":\"https:\\\/\\\/aconteceunovale.com.br\\\/portal\\\/?author=1\"}]}<\/script>\n<!-- \/ Yoast SEO plugin. -->","yoast_head_json":{"title":"Justi\u00e7a cumpre mandado de reintegra\u00e7\u00e3o de posse na sede dos Bombeiros Volunt\u00e1rios de Caratinga - Aconteceu no Vale","robots":{"index":"index","follow":"follow","max-snippet":"max-snippet:-1","max-image-preview":"max-image-preview:large","max-video-preview":"max-video-preview:-1"},"canonical":"https:\/\/aconteceunovale.com.br\/portal\/?p=32930","og_locale":"pt_BR","og_type":"article","og_title":"Justi\u00e7a cumpre mandado de reintegra\u00e7\u00e3o de posse na sede dos Bombeiros Volunt\u00e1rios de Caratinga - Aconteceu no Vale","og_description":"Oficiais de justi\u00e7a cumpriram nesta manh\u00e3 de quarta-feira (25\/06), na sede do Corpo de Bombeiros Volunt\u00e1rios de Caratinga (CBVC), um mandado de reintegra\u00e7\u00e3o de posse. Os bombeiros volunt\u00e1rios j\u00e1 come\u00e7aram a desocupar o im\u00f3vel e a devolver os equipamentos e ve\u00edculos pertencentes ao munic\u00edpio. Segundo determina\u00e7\u00e3o da Justi\u00e7a, o Corpo de Bombeiros vai entregar \u00e0 [&hellip;]","og_url":"https:\/\/aconteceunovale.com.br\/portal\/?p=32930","og_site_name":"Aconteceu no Vale","article_publisher":"https:\/\/www.facebook.com\/aconteceunovale\/","article_published_time":"2014-06-25T21:18:04+00:00","article_modified_time":"2014-06-26T00:28:24+00:00","og_image":[{"width":675,"height":450,"url":"https:\/\/aconteceunovale.com.br\/portal\/wp-content\/uploads\/2014\/06\/reintegracao_posse_caratinga.jpg","type":"image\/jpeg"}],"author":"Aconteceu no Vale","twitter_card":"summary_large_image","twitter_creator":"@noticiadosvales","twitter_site":"@noticiadosvales","twitter_misc":{"Escrito por":"Aconteceu no Vale","Est. tempo de leitura":"1 minuto"},"schema":{"@context":"https:\/\/schema.org","@graph":[{"@type":"Article","@id":"https:\/\/aconteceunovale.com.br\/portal\/?p=32930#article","isPartOf":{"@id":"https:\/\/aconteceunovale.com.br\/portal\/?p=32930"},"author":{"name":"Aconteceu no Vale","@id":"https:\/\/aconteceunovale.com.br\/portal\/#\/schema\/person\/633529146f2c94272bef50ac2953d589"},"headline":"Justi\u00e7a cumpre mandado de reintegra\u00e7\u00e3o de posse na sede dos Bombeiros Volunt\u00e1rios de Caratinga","datePublished":"2014-06-25T21:18:04+00:00","dateModified":"2014-06-26T00:28:24+00:00","mainEntityOfPage":{"@id":"https:\/\/aconteceunovale.com.br\/portal\/?p=32930"},"wordCount":277,"commentCount":0,"image":{"@id":"https:\/\/aconteceunovale.com.br\/portal\/?p=32930#primaryimage"},"thumbnailUrl":"https:\/\/aconteceunovale.com.br\/portal\/wp-content\/uploads\/2014\/06\/reintegracao_posse_caratinga.jpg","keywords":["Caratinga","Justi\u00e7a cumpre mandado de reintegra\u00e7\u00e3o de posse na sede do Corpo de Bombeiros Volunt\u00e1rios de Caratinga","Justi\u00e7a cumpre mandado de reintegra\u00e7\u00e3o de posse na sede dos Bombeiros Volunt\u00e1rios de Caratinga"],"articleSection":["Leste de Minas"],"inLanguage":"pt-BR","potentialAction":[{"@type":"CommentAction","name":"Comment","target":["https:\/\/aconteceunovale.com.br\/portal\/?p=32930#respond"]}]},{"@type":"WebPage","@id":"https:\/\/aconteceunovale.com.br\/portal\/?p=32930","url":"https:\/\/aconteceunovale.com.br\/portal\/?p=32930","name":"Justi\u00e7a cumpre mandado de reintegra\u00e7\u00e3o de posse na sede dos Bombeiros Volunt\u00e1rios de Caratinga - Aconteceu no Vale","isPartOf":{"@id":"https:\/\/aconteceunovale.com.br\/portal\/#website"},"primaryImageOfPage":{"@id":"https:\/\/aconteceunovale.com.br\/portal\/?p=32930#primaryimage"},"image":{"@id":"https:\/\/aconteceunovale.com.br\/portal\/?p=32930#primaryimage"},"thumbnailUrl":"https:\/\/aconteceunovale.com.br\/portal\/wp-content\/uploads\/2014\/06\/reintegracao_posse_caratinga.jpg","datePublished":"2014-06-25T21:18:04+00:00","dateModified":"2014-06-26T00:28:24+00:00","author":{"@id":"https:\/\/aconteceunovale.com.br\/portal\/#\/schema\/person\/633529146f2c94272bef50ac2953d589"},"breadcrumb":{"@id":"https:\/\/aconteceunovale.com.br\/portal\/?p=32930#breadcrumb"},"inLanguage":"pt-BR","potentialAction":[{"@type":"ReadAction","target":["https:\/\/aconteceunovale.com.br\/portal\/?p=32930"]}]},{"@type":"ImageObject","inLanguage":"pt-BR","@id":"https:\/\/aconteceunovale.com.br\/portal\/?p=32930#primaryimage","url":"https:\/\/aconteceunovale.com.br\/portal\/wp-content\/uploads\/2014\/06\/reintegracao_posse_caratinga.jpg","contentUrl":"https:\/\/aconteceunovale.com.br\/portal\/wp-content\/uploads\/2014\/06\/reintegracao_posse_caratinga.jpg","width":675,"height":450},{"@type":"BreadcrumbList","@id":"https:\/\/aconteceunovale.com.br\/portal\/?p=32930#breadcrumb","itemListElement":[{"@type":"ListItem","position":1,"name":"In\u00edcio","item":"https:\/\/aconteceunovale.com.br\/portal\/"},{"@type":"ListItem","position":2,"name":"Justi\u00e7a cumpre mandado de reintegra\u00e7\u00e3o de posse na sede dos Bombeiros Volunt\u00e1rios de Caratinga"}]},{"@type":"WebSite","@id":"https:\/\/aconteceunovale.com.br\/portal\/#website","url":"https:\/\/aconteceunovale.com.br\/portal\/","name":"Aconteceu no Vale","description":"Portal de Not\u00edcias","potentialAction":[{"@type":"SearchAction","target":{"@type":"EntryPoint","urlTemplate":"https:\/\/aconteceunovale.com.br\/portal\/?s={search_term_string}"},"query-input":{"@type":"PropertyValueSpecification","valueRequired":true,"valueName":"search_term_string"}}],"inLanguage":"pt-BR"},{"@type":"Person","@id":"https:\/\/aconteceunovale.com.br\/portal\/#\/schema\/person\/633529146f2c94272bef50ac2953d589","name":"Aconteceu no Vale","description":"Equipe de reportagem do Aconteceu no Vale, portal de not\u00edcias do Vale do Jequitinhonha, em Minas Gerais. Cobrimos as 51 cidades do Vale desde 2013. Sugest\u00f5es de pauta e pedidos de corre\u00e7\u00e3o: contato@aconteceunovale.com.br","sameAs":["http:\/\/www.aconteceunovale.com.br"],"url":"https:\/\/aconteceunovale.com.br\/portal\/?author=1"}]}},"_links":{"self":[{"href":"https:\/\/aconteceunovale.com.br\/portal\/index.php?rest_route=\/wp\/v2\/posts\/32930","targetHints":{"allow":["GET"]}}],"collection":[{"href":"https:\/\/aconteceunovale.com.br\/portal\/index.php?rest_route=\/wp\/v2\/posts"}],"about":[{"href":"https:\/\/aconteceunovale.com.br\/portal\/index.php?rest_route=\/wp\/v2\/types\/post"}],"author":[{"embeddable":true,"href":"https:\/\/aconteceunovale.com.br\/portal\/index.php?rest_route=\/wp\/v2\/users\/1"}],"replies":[{"embeddable":true,"href":"https:\/\/aconteceunovale.com.br\/portal\/index.php?rest_route=%2Fwp%2Fv2%2Fcomments&post=32930"}],"version-history":[{"count":0,"href":"https:\/\/aconteceunovale.com.br\/portal\/index.php?rest_route=\/wp\/v2\/posts\/32930\/revisions"}],"wp:featuredmedia":[{"embeddable":true,"href":"https:\/\/aconteceunovale.com.br\/portal\/index.php?rest_route=\/wp\/v2\/media\/32931"}],"wp:attachment":[{"href":"https:\/\/aconteceunovale.com.br\/portal\/index.php?rest_route=%2Fwp%2Fv2%2Fmedia&parent=32930"}],"wp:term":[{"taxonomy":"category","embeddable":true,"href":"https:\/\/aconteceunovale.com.br\/portal\/index.php?rest_route=%2Fwp%2Fv2%2Fcategories&post=32930"},{"taxonomy":"post_tag","embeddable":true,"href":"https:\/\/aconteceunovale.com.br\/portal\/index.php?rest_route=%2Fwp%2Fv2%2Ftags&post=32930"}],"curies":[{"name":"wp","href":"https:\/\/api.w.org\/{rel}","templated":true}]}}