{"id":32924,"date":"2014-06-25T18:05:27","date_gmt":"2014-06-25T21:05:27","guid":{"rendered":"http:\/\/aconteceunovale.com.br\/portal\/?p=32924"},"modified":"2014-06-25T18:05:27","modified_gmt":"2014-06-25T21:05:27","slug":"defesa-social-inaugura-centro-socioeducativo-e-discute-criminalidade-em-ipatinga","status":"publish","type":"post","link":"https:\/\/aconteceunovale.com.br\/portal\/?p=32924","title":{"rendered":"Defesa Social inaugura Centro Socioeducativo e discute criminalidade em Ipatinga"},"content":{"rendered":"<h4><strong>Nova unidade recebeu investimentos de R$ 1,5 milh\u00e3o por parte do Governo de Minas e ter\u00e1 capacidade para 40 vagas<\/strong><\/h4>\n<p>A Secretaria de Estado de Defesa Social (Seds) inaugura, nesta quinta-feira (26\/06), \u00e0s 11h30, o Centro Socioeducativo de Ipatinga, no Vale do A\u00e7o. A nova unidade, com capacidade para 40 vagas, funcionar\u00e1 em um im\u00f3vel do Estado e far\u00e1 o acautelamento de adolescentes do sexo masculino em cumprimento de medida socioeducativa de interna\u00e7\u00e3o. Para adapta\u00e7\u00e3o do espa\u00e7o, atendendo \u00e0s exig\u00eancias da lei, foi investido cerca de R$ 1,5 milh\u00e3o, recurso estadual.  <\/p>\n<p>A solenidade de inaugura\u00e7\u00e3o contar\u00e1 com a presen\u00e7a do secret\u00e1rio de Estado de Defesa Social, R\u00f4mulo de Carvalho Ferraz, e da subsecret\u00e1ria de Atendimento \u00e0s Medidas Socioeducativas, Giselle Cyrillo, al\u00e9m de autoridades da regi\u00e3o.<\/p>\n<p>O Centro Socioeducativo de Ipatinga possui salas para oficina, consult\u00f3rios m\u00e9dico e odontol\u00f3gico, salas de atendimento, quadras esportivas, escola formal, biblioteca, espa\u00e7o reservado para visitas de familiares, al\u00e9m das instala\u00e7\u00f5es para a administra\u00e7\u00e3o, refeit\u00f3rio e alojamentos. O local conta ainda com uma equipe especializada formada por psic\u00f3logos, pedagogos, assistentes sociais, terapeuta ocupacional e advogados. A gest\u00e3o administrativa da unidade ficar\u00e1 por conta da Subsecretaria de Atendimento \u00e0s Medidas Socioeducativas (Suase), da Seds.<\/p>\n<p>Com a inaugura\u00e7\u00e3o do Centro Socioeducativo, os adolescentes que hoje est\u00e3o acautelados no Centro de Interna\u00e7\u00e3o Provis\u00f3ria, em A\u00e7ucena, ser\u00e3o transferidos para o local, gradativamente, j\u00e1 a partir da pr\u00f3xima semana.<\/p>\n<p>\u00c0s 9h30, o secret\u00e1rio de Defesa Social, prefeitos da regi\u00e3o, ju\u00edzes e representantes das pol\u00edcias Militar e Civil discutem a\u00e7\u00f5es preven\u00e7\u00e3o e repress\u00e3o \u00e0 criminalidade na sede da Ag\u00eancia Metropolitana de Ipatinga. A reuni\u00e3o \u00e9 aberta \u00e0 imprensa.<\/p>\n<h4><strong>Servi\u00e7o:<\/strong><\/h4>\n<p><strong>Reuni\u00e3o para discuss\u00e3o de criminalidade<\/strong><\/p>\n<p>Data: 26 de junho, \u00e0s 9h30<\/p>\n<p>Local: Ag\u00eancia Metropolitana de Ipatinga \u2013 Rua Zita Soares de Oliveira, 212 &#8211; Centro<\/p>\n<p><strong>Inaugura\u00e7\u00e3o do Centro Socioeducativo em Ipatinga<\/strong><\/p>\n<p>Data: 26 de junho, \u00e0s 11h30<\/p>\n<p>Local: Avenida Jo\u00e3o Valetin Paschoal, n\u00famero 1.031, Centro. <\/p>\n","protected":false},"excerpt":{"rendered":"<p>Nova unidade recebeu investimentos de R$ 1,5 milh\u00e3o por parte do Governo de Minas e ter\u00e1 capacidade para 40 vagas A Secretaria de Estado de Defesa Social (Seds) inaugura, nesta quinta-feira (26\/06), \u00e0s 11h30, o Centro Socioeducativo de Ipatinga, no Vale do A\u00e7o. A nova unidade, com capacidade para 40 vagas, funcionar\u00e1 em um im\u00f3vel [&hellip;]<\/p>\n","protected":false},"author":1,"featured_media":32926,"comment_status":"open","ping_status":"closed","sticky":false,"template":"","format":"standard","meta":{"amp_status":"","footnotes":""},"categories":[121],"tags":[9588,9587,201],"class_list":["post-32924","post","type-post","status-publish","format-standard","has-post-thumbnail","hentry","category-leste","tag-centro-socioeducativo-de-ipatinga","tag-defesa-social-inaugura-centro-socioeducativo-e-discute-criminalidade-em-ipatinga","tag-ipatinga"],"_links":{"self":[{"href":"https:\/\/aconteceunovale.com.br\/portal\/index.php?rest_route=\/wp\/v2\/posts\/32924","targetHints":{"allow":["GET"]}}],"collection":[{"href":"https:\/\/aconteceunovale.com.br\/portal\/index.php?rest_route=\/wp\/v2\/posts"}],"about":[{"href":"https:\/\/aconteceunovale.com.br\/portal\/index.php?rest_route=\/wp\/v2\/types\/post"}],"author":[{"embeddable":true,"href":"https:\/\/aconteceunovale.com.br\/portal\/index.php?rest_route=\/wp\/v2\/users\/1"}],"replies":[{"embeddable":true,"href":"https:\/\/aconteceunovale.com.br\/portal\/index.php?rest_route=%2Fwp%2Fv2%2Fcomments&post=32924"}],"version-history":[{"count":0,"href":"https:\/\/aconteceunovale.com.br\/portal\/index.php?rest_route=\/wp\/v2\/posts\/32924\/revisions"}],"wp:featuredmedia":[{"embeddable":true,"href":"https:\/\/aconteceunovale.com.br\/portal\/index.php?rest_route=\/wp\/v2\/media\/32926"}],"wp:attachment":[{"href":"https:\/\/aconteceunovale.com.br\/portal\/index.php?rest_route=%2Fwp%2Fv2%2Fmedia&parent=32924"}],"wp:term":[{"taxonomy":"category","embeddable":true,"href":"https:\/\/aconteceunovale.com.br\/portal\/index.php?rest_route=%2Fwp%2Fv2%2Fcategories&post=32924"},{"taxonomy":"post_tag","embeddable":true,"href":"https:\/\/aconteceunovale.com.br\/portal\/index.php?rest_route=%2Fwp%2Fv2%2Ftags&post=32924"}],"curies":[{"name":"wp","href":"https:\/\/api.w.org\/{rel}","templated":true}]}}