{"id":32919,"date":"2014-06-25T17:55:43","date_gmt":"2014-06-25T20:55:43","guid":{"rendered":"http:\/\/aconteceunovale.com.br\/portal\/?p=32919"},"modified":"2014-06-25T17:55:43","modified_gmt":"2014-06-25T20:55:43","slug":"restauradores-iniciam-entrega-de-obras-atribuidas-a-aleijadinho-em-ferros","status":"publish","type":"post","link":"https:\/\/aconteceunovale.com.br\/portal\/?p=32919","title":{"rendered":"Restauradores iniciam entrega de obras atribu\u00eddas a Aleijadinho em Ferros"},"content":{"rendered":"<p>As sete primeiras pe\u00e7as do acervo escult\u00f3rico dos Passos da Paix\u00e3o de Cristo j\u00e1 foram entregues pelos restauradores \u00e0 Prefeitura de Ferros. A obra \u00e9 atribu\u00edda pelos doadores das imagens a Ant\u00f4nio Francisco Lisboa, o Aleijadinho, segundo consta no invent\u00e1rio. Ao todo, s\u00e3o dez pe\u00e7as de madeira policromada que retratam as cenas do mart\u00edrio de Cristo.<\/p>\n<p>A empresa respons\u00e1vel pela restaura\u00e7\u00e3o, a Mem\u00f3ria Arquitetura Ltda., vencedora da licita\u00e7\u00e3o, iniciou os trabalhos em janeiro de 2014 e dever\u00e1 entregar o restante das imagens ainda neste ano, conforme determina o contrato.<\/p>\n<p><img decoding=\"async\" src=\"http:\/\/aconteceunovale.com.br\/portal\/wp-content\/uploads\/2014\/06\/obras_restauradas_ferros_1.jpg\" alt=\"\" \/><em>(Foto: Divulga\u00e7\u00e3o \/ Prefeitura Municipal de Ferros)<\/em><br \/>\n<\/br><\/p>\n<p>De acordo com a arquiteta e restauradora Patr\u00edcia Pereira, diretora da Mem\u00f3ria Arquitetura, a obra de Aleijadinho \u00e9 sempre motivo de controv\u00e9rsias. \u201cFaz-se necess\u00e1ria uma pesquisa aprofundada e a avalia\u00e7\u00e3o de um especialista para a confirma\u00e7\u00e3o da atribui\u00e7\u00e3o. O perito avaliar\u00e1 a t\u00e9cnica escult\u00f3rica e a presen\u00e7a dos tra\u00e7os frequentes na obra de Aleijadinho\u201d explica Patr\u00edcia.<\/p>\n<p>Al\u00e9m da diretora da Mem\u00f3ria e Arquitetura, trabalharam na recupera\u00e7\u00e3o das imagens as conservadoras-restauradoras Cristina Neves, Grasiela Nolasco, Margarida Souza, e o escultor Edivaldo Amaral. As restauradoras destacam que, durante o processo de restauro, foi identificado o uso de uma importante t\u00e9cnica conhecida por \u201cSangue de Rubi\u201d, comum nas esculturas produzidas no per\u00edodo barroco em Minas Gerais, entre os s\u00e9culos XVIII e XIX. A t\u00e9cnica consiste na aplica\u00e7\u00e3o de um material vermelho brilhante e semitransparente que imita o sangue das feridas de Cristo, chamado de \u201crubi\u201d ou \u201cresina vermelha\u201d.<\/p>\n<p><img decoding=\"async\" src=\"http:\/\/aconteceunovale.com.br\/portal\/wp-content\/uploads\/2014\/06\/obras_restauradas_ferros_2.jpg\" alt=\"\" \/><em>(Foto: Divulga\u00e7\u00e3o \/ Prefeitura Municipal de Ferros)<\/em><br \/>\n<\/br><\/p>\n<h4><strong>Origem e recursos <\/strong>   <\/h4>\n<p>De acordo com o invent\u00e1rio do acervo, a atribui\u00e7\u00e3o a Aleijadinho foi feita por cl\u00e9rigos do Santu\u00e1rio do Cara\u00e7a. A engenheira arquiteta da Prefeitura de Ferros, Rita Leite, explica como as imagens chegaram ao munic\u00edpio: \u201cEsse conjunto foi doado a Ferros pelo Col\u00e9gio do Cara\u00e7a em meados do s\u00e9culo passado e trazido para a cidade em lombo de burro. Mesmo em p\u00e9ssimo estado de conserva\u00e7\u00e3o, guardadas na Matriz de Sant\u2019Ana, as imagens foram tombadas pelo Patrim\u00f4nio Art\u00edstico e Cultural do munic\u00edpio. A sua restaura\u00e7\u00e3o significa devolver a Ferros e a Minas uma importante p\u00e1gina da hist\u00f3ria\u201d.<\/p>\n<p>Na d\u00e9cada de 1990, as imagens j\u00e1 haviam passado por interven\u00e7\u00e3o de t\u00e9cnicos do Instituto Estadual de Patrim\u00f4nio Hist\u00f3rico e Art\u00edstico de Minas Gerais (Iepha -MG). Eles fizeram a desinfesta\u00e7\u00e3o de cupins, mas sem obter melhorias est\u00e9ticas.<\/p>\n<p>Para realizar a restaura\u00e7\u00e3o foram captados junto ao Fundo Estadual de Cultural (FEC) R$ 153 mil. Outros cerca de R$ 40mil foram investidos como contrapartida obrigat\u00f3ria do munic\u00edpio. Parte desses recursos foi captada em gest\u00e3o anterior. No entanto, para que fosse poss\u00edvel realizar os trabalhos, outro significativo montante precisou ser captado junto ao FEC em 2013, na atual gest\u00e3o municipal.<\/p>\n<p>Por quest\u00f5es de seguran\u00e7a, o ateli\u00ea onde as demais imagens ser\u00e3o restauradas \u00e9 mantido em sigilo. A Prefeitura ainda estuda, junto com a Par\u00f3quia de Sant\u2019Ana, a forma e o local onde o conjunto ser\u00e1 exposto para visita\u00e7\u00e3o do p\u00fablico.<\/p>\n<p><img decoding=\"async\" src=\"http:\/\/aconteceunovale.com.br\/portal\/wp-content\/uploads\/2014\/06\/obras_restauradas_ferros_3.jpg\" alt=\"\" \/><em>(Foto: Divulga\u00e7\u00e3o \/ Prefeitura Municipal de Ferros)<\/em><\/p>\n","protected":false},"excerpt":{"rendered":"<p>As sete primeiras pe\u00e7as do acervo escult\u00f3rico dos Passos da Paix\u00e3o de Cristo j\u00e1 foram entregues pelos restauradores \u00e0 Prefeitura de Ferros. A obra \u00e9 atribu\u00edda pelos doadores das imagens a Ant\u00f4nio Francisco Lisboa, o Aleijadinho, segundo consta no invent\u00e1rio. Ao todo, s\u00e3o dez pe\u00e7as de madeira policromada que retratam as cenas do mart\u00edrio de [&hellip;]<\/p>\n","protected":false},"author":1,"featured_media":32920,"comment_status":"open","ping_status":"closed","sticky":false,"template":"","format":"standard","meta":{"amp_status":"","footnotes":""},"categories":[123],"tags":[9586,9585,1018,3378,9584,9583],"class_list":["post-32919","post","type-post","status-publish","format-standard","has-post-thumbnail","hentry","category-gerais","tag-a-obra-e-atribuida-pelos-doadores-das-imagens-a-antonio-francisco-lisboa","tag-as-sete-primeiras-pecas-do-acervo-escultorico-dos-passos-da-paixao-de-cristo-ja-foram-entregues-pelos-restauradores-a-prefeitura-de-ferros","tag-destaque","tag-ferros","tag-obras-atribuidas-a-aleijadinho-em-ferros","tag-restauradores-iniciam-entrega-de-obras-atribuidas-a-aleijadinho-em-ferros"],"_links":{"self":[{"href":"https:\/\/aconteceunovale.com.br\/portal\/index.php?rest_route=\/wp\/v2\/posts\/32919","targetHints":{"allow":["GET"]}}],"collection":[{"href":"https:\/\/aconteceunovale.com.br\/portal\/index.php?rest_route=\/wp\/v2\/posts"}],"about":[{"href":"https:\/\/aconteceunovale.com.br\/portal\/index.php?rest_route=\/wp\/v2\/types\/post"}],"author":[{"embeddable":true,"href":"https:\/\/aconteceunovale.com.br\/portal\/index.php?rest_route=\/wp\/v2\/users\/1"}],"replies":[{"embeddable":true,"href":"https:\/\/aconteceunovale.com.br\/portal\/index.php?rest_route=%2Fwp%2Fv2%2Fcomments&post=32919"}],"version-history":[{"count":0,"href":"https:\/\/aconteceunovale.com.br\/portal\/index.php?rest_route=\/wp\/v2\/posts\/32919\/revisions"}],"wp:featuredmedia":[{"embeddable":true,"href":"https:\/\/aconteceunovale.com.br\/portal\/index.php?rest_route=\/wp\/v2\/media\/32920"}],"wp:attachment":[{"href":"https:\/\/aconteceunovale.com.br\/portal\/index.php?rest_route=%2Fwp%2Fv2%2Fmedia&parent=32919"}],"wp:term":[{"taxonomy":"category","embeddable":true,"href":"https:\/\/aconteceunovale.com.br\/portal\/index.php?rest_route=%2Fwp%2Fv2%2Fcategories&post=32919"},{"taxonomy":"post_tag","embeddable":true,"href":"https:\/\/aconteceunovale.com.br\/portal\/index.php?rest_route=%2Fwp%2Fv2%2Ftags&post=32919"}],"curies":[{"name":"wp","href":"https:\/\/api.w.org\/{rel}","templated":true}]}}