{"id":32900,"date":"2014-06-25T17:04:54","date_gmt":"2014-06-25T20:04:54","guid":{"rendered":"http:\/\/aconteceunovale.com.br\/portal\/?p=32900"},"modified":"2014-06-25T17:04:54","modified_gmt":"2014-06-25T20:04:54","slug":"10a-festa-junina-de-teofilo-otoni-vai-agitar-a-praca-tiradentes","status":"publish","type":"post","link":"https:\/\/aconteceunovale.com.br\/portal\/?p=32900","title":{"rendered":"10\u00aa Festa Junina de Te\u00f3filo Otoni vai agitar a Pra\u00e7a Tiradentes"},"content":{"rendered":"<p>Nos dias 28 e 29 (s\u00e1bado e domingo, pr\u00f3ximos) a Pra\u00e7a Tiradentes vai se transformar em palco para a disputa de grupos de quadrilheiros que v\u00e3o participar da 10\u00aa Festa Junina de Te\u00f3filo Otoni, numa realiza\u00e7\u00e3o da Prefeitura, por meio da Secretaria Municipal de Cultura e Patrim\u00f4nio Hist\u00f3rico. Os grupos, nas categorias adulto e infantil, v\u00e3o disputar premia\u00e7\u00f5es em quesitos como anima\u00e7\u00e3o e figurino.<\/p>\n<p>No s\u00e1bado (28), acontecem as apresenta\u00e7\u00f5es da categoria adulto, a partir das 20 horas. No domingo pela manh\u00e3 \u00e9 a vez dos grupos infantis se apresentarem, quando ser\u00e3o escolhidos os vencedores. Ainda no domingo, \u00e0s 18h30, ser\u00e1 iniciada a competi\u00e7\u00e3o entre os grupos de quadrilhas da categoria adulto, com a escolha das melhores apresenta\u00e7\u00f5es e premia\u00e7\u00e3o.<\/p>\n<p><img decoding=\"async\" src=\"http:\/\/aconteceunovale.com.br\/portal\/wp-content\/uploads\/2014\/06\/festa_junina_teo.png\" alt=\"\" \/><\/p>\n","protected":false},"excerpt":{"rendered":"<p>Nos dias 28 e 29 (s\u00e1bado e domingo, pr\u00f3ximos) a Pra\u00e7a Tiradentes vai se transformar em palco para a disputa de grupos de quadrilheiros que v\u00e3o participar da 10\u00aa Festa Junina de Te\u00f3filo Otoni, numa realiza\u00e7\u00e3o da Prefeitura, por meio da Secretaria Municipal de Cultura e Patrim\u00f4nio Hist\u00f3rico. Os grupos, nas categorias adulto e infantil, [&hellip;]<\/p>\n","protected":false},"author":1,"featured_media":32901,"comment_status":"open","ping_status":"closed","sticky":false,"template":"","format":"standard","meta":{"amp_status":"","footnotes":""},"categories":[125],"tags":[9577,9576,164],"class_list":["post-32900","post","type-post","status-publish","format-standard","has-post-thumbnail","hentry","category-noticias","tag-10a-festa-junina-de-teofilo-otoni","tag-10a-festa-junina-de-teofilo-otoni-vai-agitar-a-praca-tiradentes","tag-teofilo-otoni"],"_links":{"self":[{"href":"https:\/\/aconteceunovale.com.br\/portal\/index.php?rest_route=\/wp\/v2\/posts\/32900","targetHints":{"allow":["GET"]}}],"collection":[{"href":"https:\/\/aconteceunovale.com.br\/portal\/index.php?rest_route=\/wp\/v2\/posts"}],"about":[{"href":"https:\/\/aconteceunovale.com.br\/portal\/index.php?rest_route=\/wp\/v2\/types\/post"}],"author":[{"embeddable":true,"href":"https:\/\/aconteceunovale.com.br\/portal\/index.php?rest_route=\/wp\/v2\/users\/1"}],"replies":[{"embeddable":true,"href":"https:\/\/aconteceunovale.com.br\/portal\/index.php?rest_route=%2Fwp%2Fv2%2Fcomments&post=32900"}],"version-history":[{"count":0,"href":"https:\/\/aconteceunovale.com.br\/portal\/index.php?rest_route=\/wp\/v2\/posts\/32900\/revisions"}],"wp:featuredmedia":[{"embeddable":true,"href":"https:\/\/aconteceunovale.com.br\/portal\/index.php?rest_route=\/wp\/v2\/media\/32901"}],"wp:attachment":[{"href":"https:\/\/aconteceunovale.com.br\/portal\/index.php?rest_route=%2Fwp%2Fv2%2Fmedia&parent=32900"}],"wp:term":[{"taxonomy":"category","embeddable":true,"href":"https:\/\/aconteceunovale.com.br\/portal\/index.php?rest_route=%2Fwp%2Fv2%2Fcategories&post=32900"},{"taxonomy":"post_tag","embeddable":true,"href":"https:\/\/aconteceunovale.com.br\/portal\/index.php?rest_route=%2Fwp%2Fv2%2Ftags&post=32900"}],"curies":[{"name":"wp","href":"https:\/\/api.w.org\/{rel}","templated":true}]}}