{"id":32849,"date":"2014-06-25T13:16:19","date_gmt":"2014-06-25T16:16:19","guid":{"rendered":"http:\/\/aconteceunovale.com.br\/portal\/?p=32849"},"modified":"2014-06-25T13:17:09","modified_gmt":"2014-06-25T16:17:09","slug":"medico-diz-que-paciente-merece-ser-tratado-mal-por-ter-votado-no-lula","status":"publish","type":"post","link":"https:\/\/aconteceunovale.com.br\/portal\/?p=32849","title":{"rendered":"M\u00e9dico diz que paciente merece ser tratado mal por ter votado no Lula"},"content":{"rendered":"<p>Uma discuss\u00e3o entre um m\u00e9dico e um paciente virou caso de pol\u00edcia, nessa ter\u00e7a-feira (24), em Arax\u00e1, no Alto Parana\u00edba. Segundo o solicitante, o m\u00e9dico teria dito que ele merecia ser tratado mal por ter votado, em elei\u00e7\u00f5es anteriores, no ex-presidente Luiz In\u00e1cio Lula da Silva.<\/p>\n<p>De acordo com o boletim de ocorr\u00eancia da Pol\u00edcia Militar, o paciente contou que aguardava para fazer um ultrassom no Pronto Atendimento Municipal da cidade quando percebeu que uma mulher havia passado na sua frente na fila de espera.<\/p>\n<p>Indignado com a situa\u00e7\u00e3o, ele foi questionar o profissional o motivo daquela atitude ter sido tomada. Nesse momento, o radiologista teria dito que \u201cpor ter votado no Lula\u201d, ele e os demais pacientes deveriam ser tratados mal. Al\u00e9m disso, o radiologista afirmou que o homem era o pior  tipo de cidad\u00e3o que existe no pa\u00eds.<\/p>\n<p>Ao ser informando pela v\u00edtima que a pol\u00edcia seria acionada, o m\u00e9dico disse que o paciente que sairia da unidade de atendimento preso. O profissional n\u00e3o foi localizado pelos militares, uma vez que j\u00e1 havia ido embora quando a viatura chegou. O nome dele tamb\u00e9m n\u00e3o foi divulgado. A ocorr\u00eancia foi encerrada na Delegacia de Plant\u00e3o de Arax\u00e1.<\/p>\n<p><strong><em>(O Tempo)<\/em><\/strong><\/p>\n","protected":false},"excerpt":{"rendered":"<p>Uma discuss\u00e3o entre um m\u00e9dico e um paciente virou caso de pol\u00edcia, nessa ter\u00e7a-feira (24), em Arax\u00e1, no Alto Parana\u00edba. Segundo o solicitante, o m\u00e9dico teria dito que ele merecia ser tratado mal por ter votado, em elei\u00e7\u00f5es anteriores, no ex-presidente Luiz In\u00e1cio Lula da Silva. De acordo com o boletim de ocorr\u00eancia da Pol\u00edcia [&hellip;]<\/p>\n","protected":false},"author":1,"featured_media":28778,"comment_status":"open","ping_status":"closed","sticky":false,"template":"","format":"standard","meta":{"amp_status":"","footnotes":""},"categories":[123],"tags":[1504,9543],"class_list":["post-32849","post","type-post","status-publish","format-standard","has-post-thumbnail","hentry","category-gerais","tag-araxa","tag-medico-diz-que-paciente-merece-ser-tratado-mal-por-ter-votado-no-lula"],"_links":{"self":[{"href":"https:\/\/aconteceunovale.com.br\/portal\/index.php?rest_route=\/wp\/v2\/posts\/32849","targetHints":{"allow":["GET"]}}],"collection":[{"href":"https:\/\/aconteceunovale.com.br\/portal\/index.php?rest_route=\/wp\/v2\/posts"}],"about":[{"href":"https:\/\/aconteceunovale.com.br\/portal\/index.php?rest_route=\/wp\/v2\/types\/post"}],"author":[{"embeddable":true,"href":"https:\/\/aconteceunovale.com.br\/portal\/index.php?rest_route=\/wp\/v2\/users\/1"}],"replies":[{"embeddable":true,"href":"https:\/\/aconteceunovale.com.br\/portal\/index.php?rest_route=%2Fwp%2Fv2%2Fcomments&post=32849"}],"version-history":[{"count":0,"href":"https:\/\/aconteceunovale.com.br\/portal\/index.php?rest_route=\/wp\/v2\/posts\/32849\/revisions"}],"wp:featuredmedia":[{"embeddable":true,"href":"https:\/\/aconteceunovale.com.br\/portal\/index.php?rest_route=\/wp\/v2\/media\/28778"}],"wp:attachment":[{"href":"https:\/\/aconteceunovale.com.br\/portal\/index.php?rest_route=%2Fwp%2Fv2%2Fmedia&parent=32849"}],"wp:term":[{"taxonomy":"category","embeddable":true,"href":"https:\/\/aconteceunovale.com.br\/portal\/index.php?rest_route=%2Fwp%2Fv2%2Fcategories&post=32849"},{"taxonomy":"post_tag","embeddable":true,"href":"https:\/\/aconteceunovale.com.br\/portal\/index.php?rest_route=%2Fwp%2Fv2%2Ftags&post=32849"}],"curies":[{"name":"wp","href":"https:\/\/api.w.org\/{rel}","templated":true}]}}