{"id":32834,"date":"2014-06-25T12:49:03","date_gmt":"2014-06-25T15:49:03","guid":{"rendered":"http:\/\/aconteceunovale.com.br\/portal\/?p=32834"},"modified":"2014-06-25T12:49:03","modified_gmt":"2014-06-25T15:49:03","slug":"cemig-preve-economia-de-energia-com-o-fim-da-comercializacao-das-lampadas-incandescentes","status":"publish","type":"post","link":"https:\/\/aconteceunovale.com.br\/portal\/?p=32834","title":{"rendered":"Cemig prev\u00ea economia de energia com o fim da comercializa\u00e7\u00e3o das l\u00e2mpadas incandescentes"},"content":{"rendered":"<h4><strong>Desde o ano passado, n\u00e3o se pode mais fabricar ou importar este tipo de material no pa\u00eds. A partir de 1\u00ba de julho, passa a vigorar mais uma fase da restri\u00e7\u00e3o<\/strong><\/h4>\n<p>A partir de 1\u00ba de julho, passa a vigorar no pa\u00eds mais uma fase da legisla\u00e7\u00e3o que restringe a produ\u00e7\u00e3o, importa\u00e7\u00e3o e comercializa\u00e7\u00e3o de l\u00e2mpadas incandescentes. Desde o ano passado, n\u00e3o se pode mais fabricar ou importar as l\u00e2mpadas incandescentes de 150 e 100 watts e, a partir do pr\u00f3ximo m\u00eas, essa proibi\u00e7\u00e3o passa a valer tamb\u00e9m para a l\u00e2mpada mais tradicional no uso domestico, a de 60 watts. A regulamenta\u00e7\u00e3o consta na Portaria Interministerial n\u00b0 1007\/2010, do Minist\u00e9rio de Minas e Energia.<\/p>\n<p>Com base nessa portaria, as l\u00e2mpadas incandescentes com pot\u00eancia de 60 watts ainda ter\u00e3o uma sobrevida de um ano, prazo m\u00e1ximo que os varejistas poder\u00e3o comercializar seus estoques. A expectativa do com\u00e9rcio \u00e9 que os estoques terminem antes desse prazo.<\/p>\n<p>A substitui\u00e7\u00e3o desse modelo pode ser feita com vantagens pela l\u00e2mpada fluorescente compacta (LFC) de 15 watts que possui uma durabilidade at\u00e9 seis vezes maior. A diferen\u00e7a de pre\u00e7o da LFC \u00e9 amortizada em at\u00e9 tr\u00eas meses, caso a utiliza\u00e7\u00e3o seja de tr\u00eas horas por dia. Essas l\u00e2mpadas tamb\u00e9m poder\u00e3o ser substitu\u00eddas pelas halogenas com bulbo e as de LED, que possuem uma durabilidade muito maior.<\/p>\n<h4><strong>Economia de energia<\/strong><\/h4>\n<p>De acordo com estimativa da Companhia Energ\u00e9tica de Minas Gerais (Cemig), ainda devem existir cerca de 16 milh\u00f5es de l\u00e2mpadas de 60 watts em Minas Gerais. Como essas l\u00e2mpadas devem ser substitu\u00eddas pelas fluorescentes compactas de 15 watts, temos uma redu\u00e7\u00e3o de 45 watts por unidade, proporcionando uma redu\u00e7\u00e3o de quase 6% da capacidade total da companhia ao final.<\/p>\n<p>&#8220;Em um m\u00eas, a economia de energia poderia representar um montante de 72 GWh\/m\u00eas, que seria suficiente para atender uma cidade de 600 mil habitantes, do porte de Uberl\u00e2ndia ou Contagem (MG). J\u00e1 para uma fam\u00edlia que tem um consumo m\u00e9dio de 150 kWh\/m\u00eas e possua quatro l\u00e2mpadas de 60 watts, a substitui\u00e7\u00e3o pelas LFCs pode representar uma economia de 12% no valor da conta de energia&#8221;, explica o gerente de Efici\u00eancia Energ\u00e9tica da Cemig, Leonardo Rivetti.<\/p>\n<p>Essa e outras medidas s\u00e3o importantes para o consumo consciente da energia no Brasil. Seguindo essa tend\u00eancia, o Programa Energia Inteligente, da Cemig, \u00e9 focado na efici\u00eancia energ\u00e9tica e promo\u00e7\u00e3o de a\u00e7\u00f5es voltadas para uso consciente e eficaz da energia el\u00e9trica, a\u00e7\u00f5es muito importantes, principalmente neste ano de condi\u00e7\u00f5es hidrol\u00f3gicas desfavor\u00e1veis.<\/p>\n<p>Para saber mais dicas e informa\u00e7\u00f5es sobre efici\u00eancia energ\u00e9tica, <a href=\"http:\/\/www.cemig.com.br\/\" target=\"_blank\">basta acessar o Portal Cemig<\/a>, na aba Sustentabilidade, e conferir as a\u00e7\u00f5es da companhia.<\/p>\n","protected":false},"excerpt":{"rendered":"<p>Desde o ano passado, n\u00e3o se pode mais fabricar ou importar este tipo de material no pa\u00eds. A partir de 1\u00ba de julho, passa a vigorar mais uma fase da restri\u00e7\u00e3o A partir de 1\u00ba de julho, passa a vigorar no pa\u00eds mais uma fase da legisla\u00e7\u00e3o que restringe a produ\u00e7\u00e3o, importa\u00e7\u00e3o e comercializa\u00e7\u00e3o de [&hellip;]<\/p>\n","protected":false},"author":1,"featured_media":31812,"comment_status":"open","ping_status":"closed","sticky":false,"template":"","format":"standard","meta":{"amp_status":"","footnotes":""},"categories":[6],"tags":[9538,9539],"class_list":["post-32834","post","type-post","status-publish","format-standard","has-post-thumbnail","hentry","category-br","tag-cemig-preve-economia-de-energia-com-o-fim-da-comercializacao-das-lampadas-incandescentes","tag-lampadas-incandescentes"],"_links":{"self":[{"href":"https:\/\/aconteceunovale.com.br\/portal\/index.php?rest_route=\/wp\/v2\/posts\/32834","targetHints":{"allow":["GET"]}}],"collection":[{"href":"https:\/\/aconteceunovale.com.br\/portal\/index.php?rest_route=\/wp\/v2\/posts"}],"about":[{"href":"https:\/\/aconteceunovale.com.br\/portal\/index.php?rest_route=\/wp\/v2\/types\/post"}],"author":[{"embeddable":true,"href":"https:\/\/aconteceunovale.com.br\/portal\/index.php?rest_route=\/wp\/v2\/users\/1"}],"replies":[{"embeddable":true,"href":"https:\/\/aconteceunovale.com.br\/portal\/index.php?rest_route=%2Fwp%2Fv2%2Fcomments&post=32834"}],"version-history":[{"count":0,"href":"https:\/\/aconteceunovale.com.br\/portal\/index.php?rest_route=\/wp\/v2\/posts\/32834\/revisions"}],"wp:featuredmedia":[{"embeddable":true,"href":"https:\/\/aconteceunovale.com.br\/portal\/index.php?rest_route=\/wp\/v2\/media\/31812"}],"wp:attachment":[{"href":"https:\/\/aconteceunovale.com.br\/portal\/index.php?rest_route=%2Fwp%2Fv2%2Fmedia&parent=32834"}],"wp:term":[{"taxonomy":"category","embeddable":true,"href":"https:\/\/aconteceunovale.com.br\/portal\/index.php?rest_route=%2Fwp%2Fv2%2Fcategories&post=32834"},{"taxonomy":"post_tag","embeddable":true,"href":"https:\/\/aconteceunovale.com.br\/portal\/index.php?rest_route=%2Fwp%2Fv2%2Ftags&post=32834"}],"curies":[{"name":"wp","href":"https:\/\/api.w.org\/{rel}","templated":true}]}}