{"id":32832,"date":"2014-06-25T12:47:21","date_gmt":"2014-06-25T15:47:21","guid":{"rendered":"http:\/\/aconteceunovale.com.br\/portal\/?p=32832"},"modified":"2014-06-25T12:47:21","modified_gmt":"2014-06-25T15:47:21","slug":"inauguracao-de-centro-de-qualidade-vai-aumentar-o-suporte-para-producao-de-frutas-no-jaiba","status":"publish","type":"post","link":"https:\/\/aconteceunovale.com.br\/portal\/?p=32832","title":{"rendered":"Inaugura\u00e7\u00e3o de centro de qualidade vai aumentar o suporte para produ\u00e7\u00e3o de frutas no Ja\u00edba"},"content":{"rendered":"<h4><strong>Projeto inclui refor\u00e7o \u00e0 defesa sanit\u00e1ria vegetal e meios para garantir a competitividade dos produtores. A unidade vai ser aberta em Mocambinho, Norte de Minas<\/strong><\/h4>\n<p>Os produtores do Projeto Ja\u00edba localizados em Mocambinho, na regi\u00e3o Norte de Minas, agora podem contar com o suporte do Centro de Qualidade em Fruticultura, desenvolvido pelo Instituto Mineiro de Agropecu\u00e1ria (IMA), vinculado \u00e0 Secretaria de Agricultura, Pecu\u00e1ria e Abastecimento (Seapa). A unidade ser\u00e1 inaugurada nesta quinta-feira (26\/6), \u00e0s 10h30, com a participa\u00e7\u00e3o do secret\u00e1rio Andr\u00e9 Merlo.<\/p>\n<p>De acordo com o secret\u00e1rio, a nova unidade vai garantir aten\u00e7\u00e3o especial aos produtores do Projeto Ja\u00edba naquela \u00e1rea, bem como a cinco mil fam\u00edlias de agricultores familiares. \u201cTrata-se do atendimento a uma necessidade antiga de Mocambinho e regi\u00e3o, pois at\u00e9 agora havia apenas o escrit\u00f3rio do IMA em Ja\u00edba, que continuar\u00e1 atendendo os produtores do projeto naquele munic\u00edpio e em Matias Cardoso\u201d, ressalta Merlo.<\/p>\n<p>O diretor-t\u00e9cnico do IMA, Thales Almeida Pereira Fernandes, explica que o novo Centro de Qualidade em Fruticultura vai trabalhar diretamente com a defesa sanit\u00e1ria vegetal, que inclui o controle de pragas quarenten\u00e1rias, principalmente para atender as exig\u00eancias de exporta\u00e7\u00e3o.  <\/p>\n<p>As pragas quarenten\u00e1rias s\u00e3o relacionadas \u00e0s plantas ou animais, presentes em outros pa\u00edses ou regi\u00f5es, que mesmo sob controle permanente constituem amea\u00e7a \u00e0 economia agr\u00edcola dos importadores dos produtos. Neste caso, segundo Fernandes, tem destaque a aten\u00e7\u00e3o para a produ\u00e7\u00e3o de mam\u00e3o, manga, frutas c\u00edtricas e bananas. Os trabalhos se destinar\u00e3o ao controle de pragas e doen\u00e7as como o cancro c\u00edtrico, greening e sigatoka negra, entre outros.<\/p>\n<p>Ele acrescenta que o escrit\u00f3rio responder\u00e1 tamb\u00e9m pelo controle do uso e com\u00e9rcio de agrot\u00f3xicos na regi\u00e3o. Seu trabalho ainda inclui o monitoramento da produ\u00e7\u00e3o, visando \u00e0 certifica\u00e7\u00e3o pelo pr\u00f3prio IMA. O escrit\u00f3rio atender\u00e1 tamb\u00e9m \u00e0 sanidade animal e far\u00e1 a emiss\u00e3o de documentos sanit\u00e1rios. Para desenvolver os trabalhos a unidade contar\u00e1 com dois t\u00e9cnicos em agropecu\u00e1ria, um engenheiro agr\u00f4nomo e um funcion\u00e1rio administrativo.<\/p>\n<h4><strong>Mais competitividade<\/strong><\/h4>\n<p>Tamb\u00e9m v\u00e3o ser inauguradas as instala\u00e7\u00f5es da Central de Associa\u00e7\u00f5es dos Produtores Rurais do Projeto Ja\u00edba (Centraljai), em Mocambinho, com o in\u00edcio de funcionamento dos equipamentos adquiridos com doa\u00e7\u00e3o da Ag\u00eancia de Coopera\u00e7\u00e3o Internacional do Jap\u00e3o (Jica) \u2013 \u00f3rg\u00e3o do governo japon\u00eas respons\u00e1vel pela implementa\u00e7\u00e3o da Assist\u00eancia Oficial para o Desenvolvimento (ODA).<\/p>\n<p>Por meio da parceria entre o Governo de Minas Gerais, Jica, Secretaria de Desenvolvimento Econ\u00f4mico (Sede), Centraljai e Codevasf, o Projeto de Desenvolvimento de Capacidades na P\u00f3s-colheita e Pr\u00e1ticas de Marketing na Regi\u00e3o do Ja\u00edba dever\u00e1 aumentar a competitividade dos pequenos e m\u00e9dios produtores da regi\u00e3o. Haver\u00e1 aten\u00e7\u00e3o especial aos processos de produ\u00e7\u00e3o de frutas e classifica\u00e7\u00e3o das frutas, principalmente manga e mam\u00e3o.<\/p>\n<p>Um sistema de informa\u00e7\u00e3o de mercado possibilita aos produtores locais conhecer os pre\u00e7os dos produtos comercializados na CeasaMinas e Central Ceagesp, bem como a capacita\u00e7\u00e3o para planejamento de marketing. O projeto alcan\u00e7a tamb\u00e9m a melhoria nos cuidados com o p\u00f3s-colheita e a utiliza\u00e7\u00e3o de equipamentos para a padroniza\u00e7\u00e3o das frutas. Al\u00e9m da melhoria da estrutura de armazenagem (c\u00e2maras frias e t\u00fanel de resfriamento).<\/p>\n<p>O secret\u00e1rio da Agricultura ressalta que \u201ca nova estrutura deve auxiliar os produtores na valoriza\u00e7\u00e3o dos produtos. Assim o mercado pagar\u00e1 um pre\u00e7o diferenciado pelas frutas beneficiadas\u201d. Ele ainda diz que \u201co Governo de Minas, por interm\u00e9dio da parceria, procura eliminar os gargalos na comercializa\u00e7\u00e3o da produ\u00e7\u00e3o do Ja\u00edba e, com isso, possibilitar o aumento da receita dos agricultores da regi\u00e3o mediante o atendimento \u00e0 crescente demanda por alimentos de qualidade&#8221;.<\/p>\n<p>Al\u00e9m do secret\u00e1rio Andr\u00e9 Merlo e do diretor-geral do IMA, Altino Neto, participar\u00e3o das solenidades em Mocambinho o secret\u00e1rio adjunto da Agricultura, Paulo Afonso Romano, o secret\u00e1rio adjunto de Desenvolvimento Econ\u00f4mico, Ant\u00f4nio Eduardo Macedo, o presidente da Ruralminas, Luiz Afonso Vaz de Oliveira, o presidente da Empresa de Assist\u00eancia T\u00e9cnica e Extens\u00e3o Rural de Minas Gerais (Emater-MG), Jos\u00e9 Ricardo Ramos Roseno, e o gerente de Recursos Humanos da Emater\u2013MG, Roberval Juares de Andrade.<\/p>\n","protected":false},"excerpt":{"rendered":"<p>Projeto inclui refor\u00e7o \u00e0 defesa sanit\u00e1ria vegetal e meios para garantir a competitividade dos produtores. A unidade vai ser aberta em Mocambinho, Norte de Minas Os produtores do Projeto Ja\u00edba localizados em Mocambinho, na regi\u00e3o Norte de Minas, agora podem contar com o suporte do Centro de Qualidade em Fruticultura, desenvolvido pelo Instituto Mineiro de [&hellip;]<\/p>\n","protected":false},"author":1,"featured_media":20646,"comment_status":"open","ping_status":"closed","sticky":false,"template":"","format":"standard","meta":{"amp_status":"","footnotes":""},"categories":[1236],"tags":[1018,9536,1058,9537,3106],"class_list":["post-32832","post","type-post","status-publish","format-standard","has-post-thumbnail","hentry","category-norte_de_minas","tag-destaque","tag-inauguracao-de-centro-de-qualidade-vai-aumentar-o-suporte-para-producao-de-frutas-no-jaiba","tag-jaiba","tag-mocambinho","tag-projeto-jaiba"],"_links":{"self":[{"href":"https:\/\/aconteceunovale.com.br\/portal\/index.php?rest_route=\/wp\/v2\/posts\/32832","targetHints":{"allow":["GET"]}}],"collection":[{"href":"https:\/\/aconteceunovale.com.br\/portal\/index.php?rest_route=\/wp\/v2\/posts"}],"about":[{"href":"https:\/\/aconteceunovale.com.br\/portal\/index.php?rest_route=\/wp\/v2\/types\/post"}],"author":[{"embeddable":true,"href":"https:\/\/aconteceunovale.com.br\/portal\/index.php?rest_route=\/wp\/v2\/users\/1"}],"replies":[{"embeddable":true,"href":"https:\/\/aconteceunovale.com.br\/portal\/index.php?rest_route=%2Fwp%2Fv2%2Fcomments&post=32832"}],"version-history":[{"count":0,"href":"https:\/\/aconteceunovale.com.br\/portal\/index.php?rest_route=\/wp\/v2\/posts\/32832\/revisions"}],"wp:featuredmedia":[{"embeddable":true,"href":"https:\/\/aconteceunovale.com.br\/portal\/index.php?rest_route=\/wp\/v2\/media\/20646"}],"wp:attachment":[{"href":"https:\/\/aconteceunovale.com.br\/portal\/index.php?rest_route=%2Fwp%2Fv2%2Fmedia&parent=32832"}],"wp:term":[{"taxonomy":"category","embeddable":true,"href":"https:\/\/aconteceunovale.com.br\/portal\/index.php?rest_route=%2Fwp%2Fv2%2Fcategories&post=32832"},{"taxonomy":"post_tag","embeddable":true,"href":"https:\/\/aconteceunovale.com.br\/portal\/index.php?rest_route=%2Fwp%2Fv2%2Ftags&post=32832"}],"curies":[{"name":"wp","href":"https:\/\/api.w.org\/{rel}","templated":true}]}}