{"id":32823,"date":"2014-06-25T11:34:33","date_gmt":"2014-06-25T14:34:33","guid":{"rendered":"http:\/\/aconteceunovale.com.br\/portal\/?p=32823"},"modified":"2014-06-25T11:34:33","modified_gmt":"2014-06-25T14:34:33","slug":"minas-gerais-vai-ganhar-museu-dedicado-as-artes-graficas","status":"publish","type":"post","link":"https:\/\/aconteceunovale.com.br\/portal\/?p=32823","title":{"rendered":"Minas Gerais vai ganhar museu dedicado \u00e0s artes gr\u00e1ficas"},"content":{"rendered":"<h4><strong>Restaura\u00e7\u00e3o de exemplares do jornal P\u00e3o de Santo Ant\u00f4nio e recupera\u00e7\u00e3o de seu maquin\u00e1rio original j\u00e1 est\u00e3o em andamento<\/strong><\/h4>\n<p>\u201cPatrim\u00f4nio gr\u00e1fico \u00e9 categoria pouco conhecida, com estatuto pouco definido, mas a ser afirmada pela sua import\u00e2ncia. O maquin\u00e1rio de uma tipografia, as caixas de tipos e os cavaletes para montar os textos letra por letra para serem impressos ainda n\u00e3o ganharam o valor hist\u00f3rico que deviam ter, mas n\u00e3o s\u00e3o sucata. Foi com esses equipamentos que se fez a difus\u00e3o do impresso do s\u00e9culo 15 ao 20\u201d, ensina Ana Utsch, professora do curso de conserva\u00e7\u00e3o e restaura\u00e7\u00e3o da Escola de Belas-Artes da UFMG.<\/p>\n<p>Argumentos que a pesquisadora apresenta com veem\u00eancia, j\u00e1 que, no momento, coordena equipe de restauradores, designers, historiadores e muse\u00f3grafos \u00e0s voltas com projeto dedicado exatamente ao patrim\u00f4nio gr\u00e1fico: conservar, restaurar e reabilitar a antiga tipografia onde foram impressos os jornais P\u00e3o de Santo Ant\u00f4nio e A Voz de Diamantina durante 84 anos. A previs\u00e3o \u00e9 que as etapas de restaura\u00e7\u00e3o do acervo documental e do maquin\u00e1rio estejam prontas em setembro.<\/p>\n<p><img decoding=\"async\" src=\"http:\/\/aconteceunovale.com.br\/portal\/wp-content\/uploads\/2014\/06\/museu_do_jornal_dtna.jpg\" alt=\"\" \/><strong><em>Trabalho de recupera\u00e7\u00e3o de um n\u00famero do jornal P\u00e3o de Santo Ant\u00f4nio, que circulou em Diamantina &#8211; Foto: F\u00e1bio Martins \/ Divulga\u00e7\u00e3o<\/em><\/strong><br \/>\n<\/br><\/p>\n<p>\u00c0 medida que vai sendo conclu\u00edda a primeira fase do trabalho, em andamento desde fevereiro, come\u00e7a a ser posta em andamento a segunda etapa. A partir de julho, o ateli\u00ea de trabalho dos pesquisadores, que funciona em espa\u00e7o onde foi criada a publica\u00e7\u00e3o, vai ser aberto ao p\u00fablico. Em setembro, come\u00e7am a ser realizadas no local as oficinas de tipografia. Atividades, explica Ana Utsch, que visam \u00e0 consolida\u00e7\u00e3o de novo espa\u00e7o cultural, com o objetivo de criar o Museu Casa do P\u00e3o de Santo Ant\u00f4nio.<\/p>\n<p>\u201cN\u00e3o vai ser um museu est\u00e1tico, mas ativo\u201d, conta Ana Utsch. Al\u00e9m de exposi\u00e7\u00f5es, oficinas e semin\u00e1rios, o p\u00fablico vai poder observar o antigo maquin\u00e1rio funcionando. O museu deve ser aberto em 2015, com o lan\u00e7amento de publica\u00e7\u00e3o contempor\u00e2nea: um jornal dedicado \u00e0 mem\u00f3ria do jornalismo tipogr\u00e1fico, impresso com a mesma tecnologia, que vai trazer textos (ensaios, anedotas, relatos, cr\u00f4nicas etc.) produzidos especialmente para o projeto.<\/p>\n<p>O fato de o P\u00e3o de Santo Ant\u00f4nio ter sido publicado at\u00e9 1990, em tipografia, \u00e9 testemunho da resist\u00eancia de tecnologia que j\u00e1 era incomum nos anos 1980. \u201cN\u00e3o foi mantida por saudosismo, mas por ser mais barato e vi\u00e1vel, j\u00e1 que os respons\u00e1veis pela publica\u00e7\u00e3o tinham maquin\u00e1rio e recursos humanos para fazer o trabalho\u201d, explica. J\u00e1 foi realizado um encontro dos tip\u00f3grafos e impressores que trabalharam na publica\u00e7\u00e3o. <\/p>\n<p>\u00c9 parte do projeto a digitaliza\u00e7\u00e3o das publica\u00e7\u00f5es, que ser\u00e3o disponibilizadas em biblioteca e hemeroteca digital. \u201cNosso desejo \u00e9 exaltar um patrim\u00f4nio documental que conta acontecimentos que pontuaram a hist\u00f3ria pol\u00edtica, social e cultural do Brasil no s\u00e9culo 20\u201d, afirma Ana Utsch. Entre os temas que podem ser acompanhados pela publica\u00e7\u00e3o, exemplifica, est\u00e1 toda a carreira de Juscelino Kubitschek, o que sinaliza a import\u00e2ncia hist\u00f3rica da preserva\u00e7\u00e3o da mem\u00f3ria do jornalismo tipogr\u00e1fico.<\/p>\n<h4><strong>T\u00c9CNICA <\/strong><\/h4>\n<p>\u201cTodas as cidades antigas de Minas Gerais tiveram alguma atividade jornal\u00edstica tipogr\u00e1fica\u201d, garante Ana Utsch, observando que o patrim\u00f4nio gr\u00e1fico merece aten\u00e7\u00e3o especial. Institui\u00e7\u00f5es ou pessoas que t\u00eam materiais ou acervos alusivos a esse legado, na opini\u00e3o da pesquisadora, devem procurar profissionais ou institui\u00e7\u00f5es que possam dar apoio t\u00e9cnico para diagn\u00f3stico das cole\u00e7\u00f5es. \u201cFoi assim que nasceu o projeto Mem\u00f3ria do P\u00e3o de Santo Ant\u00f4nio\u201d, observa.<\/p>\n<p>A Associa\u00e7\u00e3o P\u00e3o de Santo Ant\u00f4nio procurou a diretoria de A\u00e7\u00e3o Cultural da UFMG, que viabilizou um diagn\u00f3stico sobre o estado de conserva\u00e7\u00e3o dos acervos, feito pela restauradora Janes Mendes Pinto, com o apoio do Museu Vivo Mem\u00f3ria Gr\u00e1fica da UFMG. A partir do resultado foi elaborado projeto de recupera\u00e7\u00e3o e resgate patrimonial, que conseguiu recursos em editais de leis de incentivo \u00e0 cultura. <\/p>\n<h4><strong>MEM\u00d3RIA<\/strong><\/h4>\n<p>O jornal P\u00e3o de Santo Ant\u00f4nio foi criado em 1906, por associa\u00e7\u00e3o com o mesmo nome, voltada para a assist\u00eancia de idosos, que levantou recursos com a publica\u00e7\u00e3o. A partir de 1933, mudou de nome e se tornou A voz de Diamantina, ve\u00edculo noticioso que funcionou at\u00e9 1990, editado por tipografia. O projeto de restaura\u00e7\u00e3o trabalha com acervo de jornais e equipamentos, como cavaletes tipogr\u00e1ficos de madeira, tipos de chumbo, clich\u00eas, matrizes de xilogravura, que quase se perderam, amea\u00e7ados por prec\u00e1rias condi\u00e7\u00f5es de conserva\u00e7\u00e3o e guarda.<\/p>\n<p><strong><em>(Estado de Minas)<\/em><\/strong><\/p>\n","protected":false},"excerpt":{"rendered":"<p>Restaura\u00e7\u00e3o de exemplares do jornal P\u00e3o de Santo Ant\u00f4nio e recupera\u00e7\u00e3o de seu maquin\u00e1rio original j\u00e1 est\u00e3o em andamento \u201cPatrim\u00f4nio gr\u00e1fico \u00e9 categoria pouco conhecida, com estatuto pouco definido, mas a ser afirmada pela sua import\u00e2ncia. O maquin\u00e1rio de uma tipografia, as caixas de tipos e os cavaletes para montar os textos letra por letra [&hellip;]<\/p>\n","protected":false},"author":1,"featured_media":32824,"comment_status":"open","ping_status":"closed","sticky":false,"template":"","format":"standard","meta":{"amp_status":"","footnotes":""},"categories":[123],"tags":[1018,198,9531],"class_list":["post-32823","post","type-post","status-publish","format-standard","has-post-thumbnail","hentry","category-gerais","tag-destaque","tag-diamantina","tag-minas-gerais-vai-ganhar-museu-dedicado-as-artes-graficas"],"_links":{"self":[{"href":"https:\/\/aconteceunovale.com.br\/portal\/index.php?rest_route=\/wp\/v2\/posts\/32823","targetHints":{"allow":["GET"]}}],"collection":[{"href":"https:\/\/aconteceunovale.com.br\/portal\/index.php?rest_route=\/wp\/v2\/posts"}],"about":[{"href":"https:\/\/aconteceunovale.com.br\/portal\/index.php?rest_route=\/wp\/v2\/types\/post"}],"author":[{"embeddable":true,"href":"https:\/\/aconteceunovale.com.br\/portal\/index.php?rest_route=\/wp\/v2\/users\/1"}],"replies":[{"embeddable":true,"href":"https:\/\/aconteceunovale.com.br\/portal\/index.php?rest_route=%2Fwp%2Fv2%2Fcomments&post=32823"}],"version-history":[{"count":0,"href":"https:\/\/aconteceunovale.com.br\/portal\/index.php?rest_route=\/wp\/v2\/posts\/32823\/revisions"}],"wp:featuredmedia":[{"embeddable":true,"href":"https:\/\/aconteceunovale.com.br\/portal\/index.php?rest_route=\/wp\/v2\/media\/32824"}],"wp:attachment":[{"href":"https:\/\/aconteceunovale.com.br\/portal\/index.php?rest_route=%2Fwp%2Fv2%2Fmedia&parent=32823"}],"wp:term":[{"taxonomy":"category","embeddable":true,"href":"https:\/\/aconteceunovale.com.br\/portal\/index.php?rest_route=%2Fwp%2Fv2%2Fcategories&post=32823"},{"taxonomy":"post_tag","embeddable":true,"href":"https:\/\/aconteceunovale.com.br\/portal\/index.php?rest_route=%2Fwp%2Fv2%2Ftags&post=32823"}],"curies":[{"name":"wp","href":"https:\/\/api.w.org\/{rel}","templated":true}]}}