{"id":32819,"date":"2014-06-25T11:13:56","date_gmt":"2014-06-25T14:13:56","guid":{"rendered":"http:\/\/aconteceunovale.com.br\/portal\/?p=32819"},"modified":"2014-06-25T11:14:47","modified_gmt":"2014-06-25T14:14:47","slug":"sala-de-reunioes-da-camara-de-ipatinga-passa-a-se-chamar-sala-jornalista-rodrigo-neto-de-faria","status":"publish","type":"post","link":"https:\/\/aconteceunovale.com.br\/portal\/?p=32819","title":{"rendered":"Sala de reuni\u00f5es da C\u00e2mara de Ipatinga passa a se chamar \u2018Sala Jornalista Rodrigo Neto de Faria\u2019"},"content":{"rendered":"<p>Foi aprovado por unanimidade o Projeto de Resolu\u00e7\u00e3o 39\/2014, que dar\u00e1 \u00e0 sala de reuni\u00f5es n\u00ba 101, localizada ao lado do plen\u00e1rio da C\u00e2mara Municipal de Ipatinga, o nome do jornalista Rodrigo Neto de Faria, assassinado na noite do dia 8 de mar\u00e7o de 2013.<\/p>\n<p>A proposi\u00e7\u00e3o, de iniciativa dos vereadores Agnaldo Bicalho e Lene Teixeira, atende a uma reivindica\u00e7\u00e3o do Comit\u00ea Rodrigo Neto, que, desde sua forma\u00e7\u00e3o, tem usado a sala de reuni\u00f5es para encontros e trabalhos.<\/p>\n<p><img decoding=\"async\" src=\"http:\/\/aconteceunovale.com.br\/portal\/wp-content\/uploads\/2014\/06\/sala_rodrigo_neto_ipatinga.jpg\" alt=\"\" \/><strong><em>Jornalista Rodrigo Neto cobrava respostas para crimes no Vale do A\u00e7o (Foto: Divulga\u00e7\u00e3o)<\/em><\/strong><br \/>\n<\/br><\/p>\n<p>Para Agnaldo, a reivindica\u00e7\u00e3o \u00e9 aut\u00eantica e n\u00e3o homenageia somente o jornalista assassinado. \u201cCom a aprova\u00e7\u00e3o do projeto, al\u00e9m de homenagearmos a pessoa do Rodrigo Neto, estaremos tamb\u00e9m homenageando o pr\u00f3prio Comit\u00ea, que hoje cumpre a miss\u00e3o de lutar para que a verdade seja esclarecida, seguindo a luta do radialista\u201d, afirma o vereador, referindo-se a  Rodrigo Neto como referencia na luta contra a impunidade na regi\u00e3o.<\/p>\n<p>\u201cEstaremos tamb\u00e9m contribuindo para que n\u00e3o caia no esquecimento o seu brutal assassinato, que at\u00e9 hoje n\u00e3o teve apurado os motivos e os mandantes\u201d, acrescentou ele.<\/p>\n<p>O Comit\u00ea Rodrigo Neto, formado por profissionais da imprensa regional, foi criado no dia 12 de mar\u00e7o do ano passado, quatro dias ap\u00f3s o jornalista ser assassinado no bairro Cana\u00e3. A mobiliza\u00e7\u00e3o do grupo foi fundamental para garantir que a pol\u00edcia chegasse aos nomes dos respons\u00e1veis pelos disparos. Hoje, o comit\u00ea ainda luta pela apura\u00e7\u00e3o dos motivos e os nomes dos eventuais mandantes.<\/p>\n<p>Amigos de Rodrigo Neto apoiam a iniciativa do Legislativo. &#8220;\u00c9 uma forma de manter viva a mem\u00f3ria do jornalista Rodrigo Neto&#8221;, afirma Edmilson Firmino de Souza, que antecedeu Rodrigo Neto como rep\u00f3rter policial. &#8220;\u00c9 uma iniciativa que merece todo respaldo por partes de seus amigos e familiares&#8221;, concluiu.<\/p>\n<p>Com a proposta aprovada, o setor competente do Poder Legislativo se encarregar\u00e1 das providencias necess\u00e1rias para o cumprimento da Resolu\u00e7\u00e3o, incluindo uma placa que dever\u00e1 identificar o local como \u201cSala Jornalista Rodrigo Neto de Faria\u201d.<\/p>\n","protected":false},"excerpt":{"rendered":"<p>Foi aprovado por unanimidade o Projeto de Resolu\u00e7\u00e3o 39\/2014, que dar\u00e1 \u00e0 sala de reuni\u00f5es n\u00ba 101, localizada ao lado do plen\u00e1rio da C\u00e2mara Municipal de Ipatinga, o nome do jornalista Rodrigo Neto de Faria, assassinado na noite do dia 8 de mar\u00e7o de 2013. A proposi\u00e7\u00e3o, de iniciativa dos vereadores Agnaldo Bicalho e Lene [&hellip;]<\/p>\n","protected":false},"author":1,"featured_media":32820,"comment_status":"open","ping_status":"closed","sticky":false,"template":"","format":"standard","meta":{"amp_status":"","footnotes":""},"categories":[121],"tags":[1018,9529,9530],"class_list":["post-32819","post","type-post","status-publish","format-standard","has-post-thumbnail","hentry","category-leste","tag-destaque","tag-sala-de-reunioes-da-camara-de-ipatinga-passa-a-se-chamar-sala-jornalista-rodrigo-neto-de-faria","tag-sala-jornalista-rodrigo-neto-de-faria"],"_links":{"self":[{"href":"https:\/\/aconteceunovale.com.br\/portal\/index.php?rest_route=\/wp\/v2\/posts\/32819","targetHints":{"allow":["GET"]}}],"collection":[{"href":"https:\/\/aconteceunovale.com.br\/portal\/index.php?rest_route=\/wp\/v2\/posts"}],"about":[{"href":"https:\/\/aconteceunovale.com.br\/portal\/index.php?rest_route=\/wp\/v2\/types\/post"}],"author":[{"embeddable":true,"href":"https:\/\/aconteceunovale.com.br\/portal\/index.php?rest_route=\/wp\/v2\/users\/1"}],"replies":[{"embeddable":true,"href":"https:\/\/aconteceunovale.com.br\/portal\/index.php?rest_route=%2Fwp%2Fv2%2Fcomments&post=32819"}],"version-history":[{"count":0,"href":"https:\/\/aconteceunovale.com.br\/portal\/index.php?rest_route=\/wp\/v2\/posts\/32819\/revisions"}],"wp:featuredmedia":[{"embeddable":true,"href":"https:\/\/aconteceunovale.com.br\/portal\/index.php?rest_route=\/wp\/v2\/media\/32820"}],"wp:attachment":[{"href":"https:\/\/aconteceunovale.com.br\/portal\/index.php?rest_route=%2Fwp%2Fv2%2Fmedia&parent=32819"}],"wp:term":[{"taxonomy":"category","embeddable":true,"href":"https:\/\/aconteceunovale.com.br\/portal\/index.php?rest_route=%2Fwp%2Fv2%2Fcategories&post=32819"},{"taxonomy":"post_tag","embeddable":true,"href":"https:\/\/aconteceunovale.com.br\/portal\/index.php?rest_route=%2Fwp%2Fv2%2Ftags&post=32819"}],"curies":[{"name":"wp","href":"https:\/\/api.w.org\/{rel}","templated":true}]}}