{"id":32815,"date":"2014-06-25T10:16:35","date_gmt":"2014-06-25T13:16:35","guid":{"rendered":"http:\/\/aconteceunovale.com.br\/portal\/?p=32815"},"modified":"2014-06-25T10:16:35","modified_gmt":"2014-06-25T13:16:35","slug":"motociclista-fica-gravemente-ferido-apos-bater-em-animal-na-mg-217-entre-malacacheta-e-pote","status":"publish","type":"post","link":"https:\/\/aconteceunovale.com.br\/portal\/?p=32815","title":{"rendered":"Motociclista fica gravemente ferido ap\u00f3s bater em animal na MG-217, entre Malacacheta e Pot\u00e9"},"content":{"rendered":"<p>Um motociclista de 21 anos ficou gravemente ferido em um acidente envolvendo animal no in\u00edcio da noite desta ter\u00e7a-feira, 24 de junho, na altura do quil\u00f4metro 79 da MG-217, entre os munic\u00edpios de Malacacheta e Pot\u00e9, no Vale do Mucuri.<\/p>\n<p>Com o impacto da colis\u00e3o, o condutor MARILSON JOS\u00c9 VIEIRA DE OLIVEIRA, sofreu ferimentos graves. Ele foi socorrido pelo Servi\u00e7o de Atendimento M\u00f3vel de Urg\u00eancia (SAMU) e levado para o Hospital Dr. Carlos Marx, em Malacacheta. Devido aos ferimentos, posteriormente a v\u00edtima foi transferido para um hospital em Te\u00f3filo Otoni com suspeita de traumatismo craniano.<\/p>\n<p>Segundo a Pol\u00edcia Militar, a v\u00edtima morava no distrito de Santo Ant\u00f4nio do Mucuri e n\u00e3o possu\u00eda Carteira Nacional de Habilita\u00e7\u00e3o (CNH) e foi autuado de acordo com o c\u00f3digo de tr\u00e2nsito brasileiro.<\/p>\n<p>O cavalo envolvido no acidente teve ferimentos na pata esquerda. O propriet\u00e1rio n\u00e3o foi identificado. <em>(Com informa\u00e7\u00f5es do rep\u00f3rter Leandro Silva)<\/em><\/p>\n<p><em><strong>PUBLICIDADE:<\/strong><\/em><\/p>\n<p><img decoding=\"async\" src=\"http:\/\/aconteceunovale.com.br\/portal\/wp-content\/uploads\/2014\/06\/logo_resolve_malacheta.png\" alt=\"\" \/><\/p>\n","protected":false},"excerpt":{"rendered":"<p>Um motociclista de 21 anos ficou gravemente ferido em um acidente envolvendo animal no in\u00edcio da noite desta ter\u00e7a-feira, 24 de junho, na altura do quil\u00f4metro 79 da MG-217, entre os munic\u00edpios de Malacacheta e Pot\u00e9, no Vale do Mucuri. Com o impacto da colis\u00e3o, o condutor MARILSON JOS\u00c9 VIEIRA DE OLIVEIRA, sofreu ferimentos graves. [&hellip;]<\/p>\n","protected":false},"author":1,"featured_media":32816,"comment_status":"open","ping_status":"closed","sticky":false,"template":"","format":"standard","meta":{"amp_status":"","footnotes":""},"categories":[122],"tags":[226,9528,9527,3139],"class_list":["post-32815","post","type-post","status-publish","format-standard","has-post-thumbnail","hentry","category-mucuri","tag-malacacheta","tag-marilson-jose-vieira-de-oliveira","tag-motociclista-fica-gravemente-ferido-apos-bater-em-animal-na-mg-217","tag-pote"],"_links":{"self":[{"href":"https:\/\/aconteceunovale.com.br\/portal\/index.php?rest_route=\/wp\/v2\/posts\/32815","targetHints":{"allow":["GET"]}}],"collection":[{"href":"https:\/\/aconteceunovale.com.br\/portal\/index.php?rest_route=\/wp\/v2\/posts"}],"about":[{"href":"https:\/\/aconteceunovale.com.br\/portal\/index.php?rest_route=\/wp\/v2\/types\/post"}],"author":[{"embeddable":true,"href":"https:\/\/aconteceunovale.com.br\/portal\/index.php?rest_route=\/wp\/v2\/users\/1"}],"replies":[{"embeddable":true,"href":"https:\/\/aconteceunovale.com.br\/portal\/index.php?rest_route=%2Fwp%2Fv2%2Fcomments&post=32815"}],"version-history":[{"count":0,"href":"https:\/\/aconteceunovale.com.br\/portal\/index.php?rest_route=\/wp\/v2\/posts\/32815\/revisions"}],"wp:featuredmedia":[{"embeddable":true,"href":"https:\/\/aconteceunovale.com.br\/portal\/index.php?rest_route=\/wp\/v2\/media\/32816"}],"wp:attachment":[{"href":"https:\/\/aconteceunovale.com.br\/portal\/index.php?rest_route=%2Fwp%2Fv2%2Fmedia&parent=32815"}],"wp:term":[{"taxonomy":"category","embeddable":true,"href":"https:\/\/aconteceunovale.com.br\/portal\/index.php?rest_route=%2Fwp%2Fv2%2Fcategories&post=32815"},{"taxonomy":"post_tag","embeddable":true,"href":"https:\/\/aconteceunovale.com.br\/portal\/index.php?rest_route=%2Fwp%2Fv2%2Ftags&post=32815"}],"curies":[{"name":"wp","href":"https:\/\/api.w.org\/{rel}","templated":true}]}}