{"id":32800,"date":"2014-06-24T23:10:39","date_gmt":"2014-06-25T02:10:39","guid":{"rendered":"http:\/\/aconteceunovale.com.br\/portal\/?p=32800"},"modified":"2014-06-24T23:14:08","modified_gmt":"2014-06-25T02:14:08","slug":"prefeituras-e-camaras-de-vereadores-da-regiao-estao-inadimplentes-com-o-sicom","status":"publish","type":"post","link":"https:\/\/aconteceunovale.com.br\/portal\/?p=32800","title":{"rendered":"Tribunal de Contas do Estado de Minas Gerais divulga lista de inadimplentes com o SICOM"},"content":{"rendered":"<p>O Tribunal de Contas do Estado de Minas Gerais est\u00e1 disponibilizando \u00e0 Procuradoria-Geral de Justi\u00e7a a listagem dos jurisdicionados inadimplentes quanto \u00e0s remessas dos m\u00f3dulos \u201cInstrumentos de Planejamento\u201d (2014) e \u201cAcompanhamento Mensal\u201d, referentes ao exerc\u00edcio de 2013 e aos meses de janeiro e fevereiro de 2014, por meio do Sistema Informatizado de Contas dos Munic\u00edpios (Sicom), em virtude do conv\u00eanio firmado entre este Tribunal e o Minist\u00e9rio P\u00fablico do Estado de Minas Gerais para implementa\u00e7\u00e3o de portal na internet, denominado \u201cMinas Transparente\u201d , com base nas informa\u00e7\u00f5es obtidas pelo referido sistema.<\/p>\n<p>Este procedimento atende \u00e0 premissa do Tribunal de Contas e do Minist\u00e9rio P\u00fablico Estadual quanto ao cumprimento do envio dos dados dos jurisdicionados para o Sicom, em conformidade com os prazos estabelecidos em normativos pr\u00f3prios, notadamente os Comunicados Sicom n\u00ba 14 e 18\/2014.<\/p>\n<p>A n\u00e3o remessa dos m\u00f3dulos citados poder\u00e1 ensejar aplica\u00e7\u00e3o de multa pessoal ao gestor respons\u00e1vel, sem preju\u00edzo das medidas a serem tomadas pelo Minist\u00e9rio P\u00fablico Estadual.<\/p>\n<p><a href=\"http:\/\/www.tce.mg.gov.br\/IMG\/2014\/Inadimplentes%20Sicom%20Resumido%2011h40.xls\" target=\"_blank\">Clique aqui para visualizar a lista dos inadimplentes<\/a>. (TCE\/MG)<\/p>\n","protected":false},"excerpt":{"rendered":"<p>O Tribunal de Contas do Estado de Minas Gerais est\u00e1 disponibilizando \u00e0 Procuradoria-Geral de Justi\u00e7a a listagem dos jurisdicionados inadimplentes quanto \u00e0s remessas dos m\u00f3dulos \u201cInstrumentos de Planejamento\u201d (2014) e \u201cAcompanhamento Mensal\u201d, referentes ao exerc\u00edcio de 2013 e aos meses de janeiro e fevereiro de 2014, por meio do Sistema Informatizado de Contas dos Munic\u00edpios [&hellip;]<\/p>\n","protected":false},"author":1,"featured_media":32801,"comment_status":"open","ping_status":"closed","sticky":false,"template":"","format":"standard","meta":{"amp_status":"","footnotes":""},"categories":[123],"tags":[142,186,481,426,483,149,391,408,1218,475,917,389,411,444,9520,699,674,9519,9521,482],"class_list":["post-32800","post","type-post","status-publish","format-standard","has-post-thumbnail","hentry","category-gerais","tag-almenara","tag-aracuai","tag-chapada-do-norte","tag-comercinho","tag-coronel-murta","tag-itamarandiba","tag-itaobim","tag-jacinto","tag-jenipapo-de-minas","tag-jordania","tag-jose-goncalves-de-minas","tag-medina","tag-palmopolis","tag-ponto-dos-volantes","tag-prefeituras-e-camaras-de-vereadores-da-regiao-estao-inadimplentes-com-o-sicom","tag-santa-maria-do-salto","tag-santo-antonio-do-jacinto","tag-tribunal-de-contas-disponibiliza-relacao-de-inadimplentes-do-sicom-ao-ministerio-publico-estadual","tag-tribunal-de-contas-do-estado-de-minas-gerais-divulga-lista-de-inadimplentes-com-o-sicom","tag-virgem-da-lapa"],"_links":{"self":[{"href":"https:\/\/aconteceunovale.com.br\/portal\/index.php?rest_route=\/wp\/v2\/posts\/32800","targetHints":{"allow":["GET"]}}],"collection":[{"href":"https:\/\/aconteceunovale.com.br\/portal\/index.php?rest_route=\/wp\/v2\/posts"}],"about":[{"href":"https:\/\/aconteceunovale.com.br\/portal\/index.php?rest_route=\/wp\/v2\/types\/post"}],"author":[{"embeddable":true,"href":"https:\/\/aconteceunovale.com.br\/portal\/index.php?rest_route=\/wp\/v2\/users\/1"}],"replies":[{"embeddable":true,"href":"https:\/\/aconteceunovale.com.br\/portal\/index.php?rest_route=%2Fwp%2Fv2%2Fcomments&post=32800"}],"version-history":[{"count":0,"href":"https:\/\/aconteceunovale.com.br\/portal\/index.php?rest_route=\/wp\/v2\/posts\/32800\/revisions"}],"wp:featuredmedia":[{"embeddable":true,"href":"https:\/\/aconteceunovale.com.br\/portal\/index.php?rest_route=\/wp\/v2\/media\/32801"}],"wp:attachment":[{"href":"https:\/\/aconteceunovale.com.br\/portal\/index.php?rest_route=%2Fwp%2Fv2%2Fmedia&parent=32800"}],"wp:term":[{"taxonomy":"category","embeddable":true,"href":"https:\/\/aconteceunovale.com.br\/portal\/index.php?rest_route=%2Fwp%2Fv2%2Fcategories&post=32800"},{"taxonomy":"post_tag","embeddable":true,"href":"https:\/\/aconteceunovale.com.br\/portal\/index.php?rest_route=%2Fwp%2Fv2%2Ftags&post=32800"}],"curies":[{"name":"wp","href":"https:\/\/api.w.org\/{rel}","templated":true}]}}