{"id":32772,"date":"2014-06-24T20:37:49","date_gmt":"2014-06-24T23:37:49","guid":{"rendered":"http:\/\/aconteceunovale.com.br\/portal\/?p=32772"},"modified":"2014-06-24T20:38:14","modified_gmt":"2014-06-24T23:38:14","slug":"quadrilha-roubam-rodas-de-carreta-na-br-251-no-norte-de-minas","status":"publish","type":"post","link":"https:\/\/aconteceunovale.com.br\/portal\/?p=32772","title":{"rendered":"Criminosos roubam rodas de carreta na BR-251, no Norte de Minas"},"content":{"rendered":"<h4><strong>V\u00edtima ficou em poder dos bandidos enquanto era realizado o assalto. Suspeitos fugiram levando R$ 700, dois celulares e as 10 rodas da carreta.<\/strong><\/h4>\n<p>A Pol\u00edcia Rodovi\u00e1ria Federal procura por uma quadrilha suspeita de assaltar um caminhoneiro na madrugada desta ter\u00e7a-feira (24) na BR-251. De acordo com a PRF, o motorista parou para dormir perto da comunidade de Bocaina, quando foi abordado pelos assaltantes.<\/p>\n<p>Ainda segundo a PRF, o motorista foi encapuzado e levado para dentro da mata, onde havia outros cinco integrantes.  A v\u00edtima ficou em poder dos assaltantes enquanto eram retiradas as rodas da carreta. Os suspeitos fugiram levando R$ 700, dois celulares e as 10 rodas completas da carreta. At\u00e9 o momento ningu\u00e9m foi preso. (G1)<\/p>\n","protected":false},"excerpt":{"rendered":"<p>V\u00edtima ficou em poder dos bandidos enquanto era realizado o assalto. Suspeitos fugiram levando R$ 700, dois celulares e as 10 rodas da carreta. A Pol\u00edcia Rodovi\u00e1ria Federal procura por uma quadrilha suspeita de assaltar um caminhoneiro na madrugada desta ter\u00e7a-feira (24) na BR-251. De acordo com a PRF, o motorista parou para dormir perto [&hellip;]<\/p>\n","protected":false},"author":1,"featured_media":32773,"comment_status":"open","ping_status":"closed","sticky":false,"template":"","format":"standard","meta":{"amp_status":"","footnotes":""},"categories":[1236],"tags":[9501,9503,1018,9502],"class_list":["post-32772","post","type-post","status-publish","format-standard","has-post-thumbnail","hentry","category-norte_de_minas","tag-assalto-a-caminhoneiro-no-norte-de-minas","tag-criminosos-roubam-rodas-de-carreta-na-br-251","tag-destaque","tag-posto-bocaina"],"_links":{"self":[{"href":"https:\/\/aconteceunovale.com.br\/portal\/index.php?rest_route=\/wp\/v2\/posts\/32772","targetHints":{"allow":["GET"]}}],"collection":[{"href":"https:\/\/aconteceunovale.com.br\/portal\/index.php?rest_route=\/wp\/v2\/posts"}],"about":[{"href":"https:\/\/aconteceunovale.com.br\/portal\/index.php?rest_route=\/wp\/v2\/types\/post"}],"author":[{"embeddable":true,"href":"https:\/\/aconteceunovale.com.br\/portal\/index.php?rest_route=\/wp\/v2\/users\/1"}],"replies":[{"embeddable":true,"href":"https:\/\/aconteceunovale.com.br\/portal\/index.php?rest_route=%2Fwp%2Fv2%2Fcomments&post=32772"}],"version-history":[{"count":0,"href":"https:\/\/aconteceunovale.com.br\/portal\/index.php?rest_route=\/wp\/v2\/posts\/32772\/revisions"}],"wp:featuredmedia":[{"embeddable":true,"href":"https:\/\/aconteceunovale.com.br\/portal\/index.php?rest_route=\/wp\/v2\/media\/32773"}],"wp:attachment":[{"href":"https:\/\/aconteceunovale.com.br\/portal\/index.php?rest_route=%2Fwp%2Fv2%2Fmedia&parent=32772"}],"wp:term":[{"taxonomy":"category","embeddable":true,"href":"https:\/\/aconteceunovale.com.br\/portal\/index.php?rest_route=%2Fwp%2Fv2%2Fcategories&post=32772"},{"taxonomy":"post_tag","embeddable":true,"href":"https:\/\/aconteceunovale.com.br\/portal\/index.php?rest_route=%2Fwp%2Fv2%2Ftags&post=32772"}],"curies":[{"name":"wp","href":"https:\/\/api.w.org\/{rel}","templated":true}]}}