{"id":32769,"date":"2014-06-24T20:34:03","date_gmt":"2014-06-24T23:34:03","guid":{"rendered":"http:\/\/aconteceunovale.com.br\/portal\/?p=32769"},"modified":"2014-06-24T20:34:03","modified_gmt":"2014-06-24T23:34:03","slug":"motociclistas-ficam-feridos-em-acidente-duplo-em-montes-claros","status":"publish","type":"post","link":"https:\/\/aconteceunovale.com.br\/portal\/?p=32769","title":{"rendered":"Motociclistas ficam feridos em acidente duplo em Montes Claros"},"content":{"rendered":"<p>Dois acidentes envolvendo duas motos e um carro deixaram dois motociclistas feridos na manh\u00e3 desta ter\u00e7a-feira (24), na Avenida Deputado Esteves Rodrigues (Avenida Sanit\u00e1ria), regi\u00e3o central de Montes Claros (MG).<\/p>\n<p>Conforme informa\u00e7\u00f5es do Servi\u00e7o de Atendimento M\u00f3vel de Urg\u00eancia (Samu), o primeiro acidente foi por volta das 10h30 e envolveu um motociclista de 37 anos e um carro de passeio. Minutos depois, \u00e0s 10h50, uma motociclista de 23 anos bateu no carro, envolvido no caso anterior, que estava estacionado para libera\u00e7\u00e3o da via.<\/p>\n<p>O motorista do carro foi encaminhado para o Hospital Universit\u00e1rio Clemente de Faria com fratura no joelho, enquanto a condutora da moto foi levada para a Santa Casa com dores no ombro.<\/p>\n<p><img decoding=\"async\" src=\"http:\/\/aconteceunovale.com.br\/portal\/wp-content\/uploads\/2014\/06\/acidente_duplo_moc_24_6.jpg\" alt=\"\" \/><strong><em>(Foto: Anderson Cardoso \/ Informa\u00e7\u00f5es: G1)<\/em><\/strong><\/p>\n","protected":false},"excerpt":{"rendered":"<p>Dois acidentes envolvendo duas motos e um carro deixaram dois motociclistas feridos na manh\u00e3 desta ter\u00e7a-feira (24), na Avenida Deputado Esteves Rodrigues (Avenida Sanit\u00e1ria), regi\u00e3o central de Montes Claros (MG). Conforme informa\u00e7\u00f5es do Servi\u00e7o de Atendimento M\u00f3vel de Urg\u00eancia (Samu), o primeiro acidente foi por volta das 10h30 e envolveu um motociclista de 37 anos [&hellip;]<\/p>\n","protected":false},"author":1,"featured_media":32770,"comment_status":"open","ping_status":"closed","sticky":false,"template":"","format":"standard","meta":{"amp_status":"","footnotes":""},"categories":[1236],"tags":[210,9499],"class_list":["post-32769","post","type-post","status-publish","format-standard","has-post-thumbnail","hentry","category-norte_de_minas","tag-montes-claros","tag-motociclistas-ficam-feridos-em-acidente-duplo-em-montes-claros"],"_links":{"self":[{"href":"https:\/\/aconteceunovale.com.br\/portal\/index.php?rest_route=\/wp\/v2\/posts\/32769","targetHints":{"allow":["GET"]}}],"collection":[{"href":"https:\/\/aconteceunovale.com.br\/portal\/index.php?rest_route=\/wp\/v2\/posts"}],"about":[{"href":"https:\/\/aconteceunovale.com.br\/portal\/index.php?rest_route=\/wp\/v2\/types\/post"}],"author":[{"embeddable":true,"href":"https:\/\/aconteceunovale.com.br\/portal\/index.php?rest_route=\/wp\/v2\/users\/1"}],"replies":[{"embeddable":true,"href":"https:\/\/aconteceunovale.com.br\/portal\/index.php?rest_route=%2Fwp%2Fv2%2Fcomments&post=32769"}],"version-history":[{"count":0,"href":"https:\/\/aconteceunovale.com.br\/portal\/index.php?rest_route=\/wp\/v2\/posts\/32769\/revisions"}],"wp:featuredmedia":[{"embeddable":true,"href":"https:\/\/aconteceunovale.com.br\/portal\/index.php?rest_route=\/wp\/v2\/media\/32770"}],"wp:attachment":[{"href":"https:\/\/aconteceunovale.com.br\/portal\/index.php?rest_route=%2Fwp%2Fv2%2Fmedia&parent=32769"}],"wp:term":[{"taxonomy":"category","embeddable":true,"href":"https:\/\/aconteceunovale.com.br\/portal\/index.php?rest_route=%2Fwp%2Fv2%2Fcategories&post=32769"},{"taxonomy":"post_tag","embeddable":true,"href":"https:\/\/aconteceunovale.com.br\/portal\/index.php?rest_route=%2Fwp%2Fv2%2Ftags&post=32769"}],"curies":[{"name":"wp","href":"https:\/\/api.w.org\/{rel}","templated":true}]}}