{"id":32765,"date":"2014-06-24T20:31:22","date_gmt":"2014-06-24T23:31:22","guid":{"rendered":"http:\/\/aconteceunovale.com.br\/portal\/?p=32765"},"modified":"2014-06-24T20:32:09","modified_gmt":"2014-06-24T23:32:09","slug":"montes-claros-ganha-centro-de-especialidades-odontologicas","status":"publish","type":"post","link":"https:\/\/aconteceunovale.com.br\/portal\/?p=32765","title":{"rendered":"Montes Claros ganha Centro de Especialidades Odontol\u00f3gicas"},"content":{"rendered":"<p>Em parceria com o Governo Federal por meio do programa Brasil Sorridente, a Prefeitura de Montes Claros, e a Universidade Estadual de Montes Claros (Unimontes) foi inaugurado ter\u00e7a-feira (24), no Hospital Clemente de Faria, o Centro de Especialidades Odontol\u00f3gicas (CEO).<\/p>\n<p>Instalado no Centro de Refer\u00eancia em Assist\u00eancia \u00e0 Sa\u00fade do Idoso, o local oferecer\u00e1 os servi\u00e7os em periodontia, endodontia, diagn\u00f3stico de les\u00f5es bucais, cirurgia, odontopediatria e atendimento a portadores de necessidades especiais.<\/p>\n<p>&#8220;\u00c9 uma necessidade evidenciada. O municipio ceder\u00e1 os profissionais, o material, os instrumentos, para fortalecer uma rede de aten\u00e7\u00e3o&#8221;, comenta a coordenadora do programa Brasil Sorridente, Marinilza Soares Mota Sales.<\/p>\n<p>Os servi\u00e7os ser\u00e3o prestados no hor\u00e1rio das 13h \u00e0s 18h. Ser\u00e3o atendidos pacientes cadastrados no Crasi e pessoas encaminhadas pelas unidades de aten\u00e7\u00e3o b\u00e1sica. &#8220;O mais importante \u00e9 que vamos refor\u00e7ar a rede de sa\u00fade bucal dentro do munic\u00edpio, garantindo melhor assist\u00eancia para a popula\u00e7\u00e3o&#8221;, completa Marinilza. (G1)<\/p>\n<p><img decoding=\"async\" src=\"http:\/\/aconteceunovale.com.br\/portal\/wp-content\/uploads\/2014\/06\/centro_especialidades_odonto_moc.jpg\" alt=\"\" \/><em>Centro foi inaugurado nesta ter\u00e7a-feira (24) (Foto: Divulga\u00e7\u00e3o\/ Unimontes)<\/em><\/p>\n","protected":false},"excerpt":{"rendered":"<p>Em parceria com o Governo Federal por meio do programa Brasil Sorridente, a Prefeitura de Montes Claros, e a Universidade Estadual de Montes Claros (Unimontes) foi inaugurado ter\u00e7a-feira (24), no Hospital Clemente de Faria, o Centro de Especialidades Odontol\u00f3gicas (CEO). Instalado no Centro de Refer\u00eancia em Assist\u00eancia \u00e0 Sa\u00fade do Idoso, o local oferecer\u00e1 os [&hellip;]<\/p>\n","protected":false},"author":1,"featured_media":32766,"comment_status":"open","ping_status":"closed","sticky":false,"template":"","format":"standard","meta":{"amp_status":"","footnotes":""},"categories":[1236],"tags":[210,9498],"class_list":["post-32765","post","type-post","status-publish","format-standard","has-post-thumbnail","hentry","category-norte_de_minas","tag-montes-claros","tag-montes-claros-ganha-centro-de-especialidades-odontologicas"],"_links":{"self":[{"href":"https:\/\/aconteceunovale.com.br\/portal\/index.php?rest_route=\/wp\/v2\/posts\/32765","targetHints":{"allow":["GET"]}}],"collection":[{"href":"https:\/\/aconteceunovale.com.br\/portal\/index.php?rest_route=\/wp\/v2\/posts"}],"about":[{"href":"https:\/\/aconteceunovale.com.br\/portal\/index.php?rest_route=\/wp\/v2\/types\/post"}],"author":[{"embeddable":true,"href":"https:\/\/aconteceunovale.com.br\/portal\/index.php?rest_route=\/wp\/v2\/users\/1"}],"replies":[{"embeddable":true,"href":"https:\/\/aconteceunovale.com.br\/portal\/index.php?rest_route=%2Fwp%2Fv2%2Fcomments&post=32765"}],"version-history":[{"count":0,"href":"https:\/\/aconteceunovale.com.br\/portal\/index.php?rest_route=\/wp\/v2\/posts\/32765\/revisions"}],"wp:featuredmedia":[{"embeddable":true,"href":"https:\/\/aconteceunovale.com.br\/portal\/index.php?rest_route=\/wp\/v2\/media\/32766"}],"wp:attachment":[{"href":"https:\/\/aconteceunovale.com.br\/portal\/index.php?rest_route=%2Fwp%2Fv2%2Fmedia&parent=32765"}],"wp:term":[{"taxonomy":"category","embeddable":true,"href":"https:\/\/aconteceunovale.com.br\/portal\/index.php?rest_route=%2Fwp%2Fv2%2Fcategories&post=32765"},{"taxonomy":"post_tag","embeddable":true,"href":"https:\/\/aconteceunovale.com.br\/portal\/index.php?rest_route=%2Fwp%2Fv2%2Ftags&post=32765"}],"curies":[{"name":"wp","href":"https:\/\/api.w.org\/{rel}","templated":true}]}}