{"id":32762,"date":"2014-06-24T20:25:18","date_gmt":"2014-06-24T23:25:18","guid":{"rendered":"http:\/\/aconteceunovale.com.br\/portal\/?p=32762"},"modified":"2014-06-24T20:25:18","modified_gmt":"2014-06-24T23:25:18","slug":"video-mostra-acao-violenta-de-policiais-ao-conter-torcedores-em-montes-claros","status":"publish","type":"post","link":"https:\/\/aconteceunovale.com.br\/portal\/?p=32762","title":{"rendered":"V\u00eddeo mostra a\u00e7\u00e3o violenta de policiais ao conter torcedores em Montes Claros"},"content":{"rendered":"<p>Um v\u00eddeo publicado em uma rede social mostra um suposto abuso de poder por parte de policiais militares em uma a\u00e7\u00e3o na Avenida Deputado Esteves Rodrigues, regi\u00e3o central de Montes Claros, na noite dessa segunda-feira (23), logo ap\u00f3s o final da partida entre Brasil e Camar\u00f5es.<\/p>\n<p>De acordo com a PM, a corpora\u00e7\u00e3o foi acionada para atender uma ocorr\u00eancia de perturba\u00e7\u00e3o de sossego. Um grupo estaria incomodando os demais moradores com o som alto de um carro estacionado em um posto de gasolina.<\/p>\n<p><strong><em>Veja o v\u00eddeo publicado em uma rede social:<\/em><\/strong><\/p>\n<p><iframe loading=\"lazy\" width=\"640\" height=\"480\" src=\"\/\/www.youtube.com\/embed\/T_WADKf5C1g\" frameborder=\"0\" allowfullscreen><\/iframe><\/p>\n<p>\u201cOs policiais pediram para que o dono do carro desligasse o som e ele prontamente atendeu, mas outras pessoas, que tamb\u00e9m estavam no lugar, n\u00e3o concordaram e insuflaram a multid\u00e3o a insurgir contra os militares\u201d, afirma a capit\u00e3o Graciele Rodrigues.<\/p>\n<p>Ao todo 16 pessoas foram detidas por desacato e dano ao patrim\u00f4nio p\u00fablico. A PM calcula que cerca de 500 pessoas estavam no local no momento do incidente.<\/p>\n<p>A a\u00e7\u00e3o foi registrada por um internauta que disse em sua p\u00e1gina em uma rede social: \u201cAcabei de ter certeza que os policiais de Montes Claros est\u00e3o despreparados e desacostumados a agir em situa\u00e7\u00f5es de grande publico, chegando a nos amedrontar diante sua a\u00e7\u00e3o de completo e claro abuso de poder\u201d.<\/p>\n<p>Ainda de acordo com o internauta, que preferiu n\u00e3o se identificar, ao realizar a filmagem, os policiais ordenaram a outro jovem que desligasse o aparelho. \u201cn\u00e3o acatando foi agredido e ferido gravemente pelo policial. Fico triste em ver nossa \u2018seguran\u00e7a\u2019 agir desta forma, e espero que algo seja feito para que isso n\u00e3o ocorra mais\u201d, diz.<\/p>\n<p>Alvino Ferreira, que tamb\u00e9m participava da comemora\u00e7\u00e3o, disse que \u201ca pol\u00edcia chegou agredindo e prendendo as pessoas, que reagiram com pedras.\u201d Segundo ele, a confus\u00e3o come\u00e7ou depois que os policiais perceberam que estavam sendo filmados. &#8220;Reconhe\u00e7o que o som estava alto, mas havia v\u00e1rios outros carros com som alto tamb\u00e9m&#8221;, diz.<\/p>\n<p>A tia de um dos envolvidos disse que um rapaz chegou a levar um soco no olho. \u201cEle caiu desmaiado, sangrando, poderia ter morrido\u201d, conta a mulher que n\u00e3o quer ser identificar. \u201cEles chegaram algemados e foram maltratados. Eles n\u00e3o s\u00e3o bandidos, s\u00e3o jovens trabalhadores.\u201d<\/p>\n<p>A pol\u00edcia informou que para conter o tumulto foi necess\u00e1rio usar balas de borracha, g\u00e1s lacrimog\u00eanio e de pimenta. \u201cAlgumas pessoas jogaram garrafas, pedras e peda\u00e7os de meio fio contra os policiais e as viaturas\u201d, afirma Graciele Rodrigues.<\/p>\n<p>Sobre os poss\u00edveis excessos cometidos pela pol\u00edcia durante a a\u00e7\u00e3o, a capit\u00e3o disse que \u201ccaso seja detectado algum abuso, ser\u00e1 instaurado um procedimento administrativo.\u201d <strong><em>(G1)<\/em><\/strong><\/p>\n","protected":false},"excerpt":{"rendered":"<p>Um v\u00eddeo publicado em uma rede social mostra um suposto abuso de poder por parte de policiais militares em uma a\u00e7\u00e3o na Avenida Deputado Esteves Rodrigues, regi\u00e3o central de Montes Claros, na noite dessa segunda-feira (23), logo ap\u00f3s o final da partida entre Brasil e Camar\u00f5es. De acordo com a PM, a corpora\u00e7\u00e3o foi acionada [&hellip;]<\/p>\n","protected":false},"author":1,"featured_media":32763,"comment_status":"open","ping_status":"closed","sticky":false,"template":"","format":"standard","meta":{"amp_status":"","footnotes":""},"categories":[1236],"tags":[9496,9497,210,9495],"class_list":["post-32762","post","type-post","status-publish","format-standard","has-post-thumbnail","hentry","category-norte_de_minas","tag-abuso-de-poder-de-policiais-em-montes-claros","tag-acao-violenta-de-policiais-contra-torcedores-durante-protesto-em-montes-claros","tag-montes-claros","tag-video-mostra-acao-violenta-de-policiais-ao-conter-torcedores-em-montes-claros"],"_links":{"self":[{"href":"https:\/\/aconteceunovale.com.br\/portal\/index.php?rest_route=\/wp\/v2\/posts\/32762","targetHints":{"allow":["GET"]}}],"collection":[{"href":"https:\/\/aconteceunovale.com.br\/portal\/index.php?rest_route=\/wp\/v2\/posts"}],"about":[{"href":"https:\/\/aconteceunovale.com.br\/portal\/index.php?rest_route=\/wp\/v2\/types\/post"}],"author":[{"embeddable":true,"href":"https:\/\/aconteceunovale.com.br\/portal\/index.php?rest_route=\/wp\/v2\/users\/1"}],"replies":[{"embeddable":true,"href":"https:\/\/aconteceunovale.com.br\/portal\/index.php?rest_route=%2Fwp%2Fv2%2Fcomments&post=32762"}],"version-history":[{"count":0,"href":"https:\/\/aconteceunovale.com.br\/portal\/index.php?rest_route=\/wp\/v2\/posts\/32762\/revisions"}],"wp:featuredmedia":[{"embeddable":true,"href":"https:\/\/aconteceunovale.com.br\/portal\/index.php?rest_route=\/wp\/v2\/media\/32763"}],"wp:attachment":[{"href":"https:\/\/aconteceunovale.com.br\/portal\/index.php?rest_route=%2Fwp%2Fv2%2Fmedia&parent=32762"}],"wp:term":[{"taxonomy":"category","embeddable":true,"href":"https:\/\/aconteceunovale.com.br\/portal\/index.php?rest_route=%2Fwp%2Fv2%2Fcategories&post=32762"},{"taxonomy":"post_tag","embeddable":true,"href":"https:\/\/aconteceunovale.com.br\/portal\/index.php?rest_route=%2Fwp%2Fv2%2Ftags&post=32762"}],"curies":[{"name":"wp","href":"https:\/\/api.w.org\/{rel}","templated":true}]}}