{"id":32756,"date":"2014-06-24T20:05:42","date_gmt":"2014-06-24T23:05:42","guid":{"rendered":"http:\/\/aconteceunovale.com.br\/portal\/?p=32756"},"modified":"2014-06-24T20:09:49","modified_gmt":"2014-06-24T23:09:49","slug":"festival-da-cultura-quilombola-tem-inicio-nesta-terca-feira-em-sao-juliao","status":"publish","type":"post","link":"https:\/\/aconteceunovale.com.br\/portal\/?p=32756","title":{"rendered":"Festival da Cultura Quilombola de S\u00e3o Juli\u00e3o come\u00e7a nesta ter\u00e7a-feira"},"content":{"rendered":"<p>M\u00fasica, oficinas, culin\u00e1ria, artesanato e outras manifesta\u00e7\u00f5es locais. Estas s\u00e3o algumas das atra\u00e7\u00f5es do 1\u00ba Festival da Cultura Quilombola que acontece a partir desta ter\u00e7a-feira (24), em S\u00e3o Juli\u00e3o, distrito de Te\u00f3filo Otoni, no Vale do Mucuri. <\/p>\n<p>A proposta do festival \u00e9 realizar uma grande celebra\u00e7\u00e3o da cultura popular e da cultura quilombola na regi\u00e3o por meio das folias, dos batuques, do artesanato e comidas t\u00edpicas. Dentro do evento, tamb\u00e9m acontece a 3\u00aa edi\u00e7\u00e3o do Encontro de Violeiros da Comunidade Quilombola de S\u00e3o Juli\u00e3o.<\/p>\n<h4><strong>Festival da Cultura Quilombola de S\u00e3o Juli\u00e3o<\/strong><\/h4>\n<p><img decoding=\"async\" src=\"http:\/\/aconteceunovale.com.br\/portal\/wp-content\/uploads\/2014\/06\/festival_quilombola_sao_juliao.png\" alt=\"\" \/><br \/>\n<\/br><\/p>\n<p>O I Festival da Cultura Quilombola manifesta a necessidade da comunidade de valorizar-se a si, a seus semelhantes e \u00e0 sua hist\u00f3ria de resist\u00eancia e de luta. Esta proposta \u00e9 de uma grande celebra\u00e7\u00e3o da cultura popular e da cultura quilombola por meio da m\u00fasica, oficinas, culin\u00e1ria, artesanato e outras manifesta\u00e7\u00f5es locais e convidadas, tais como folias, batuques, artesanato e culin\u00e1ria, o III Encontro de Violeiros da Comunidade Quilombola de S\u00e3o Juli\u00e3o e a\u00e7\u00f5es de valoriza\u00e7\u00e3o da cultura quilombola.<\/p>\n<p>O festival acontecer\u00e1 entre os dias 24 e 28 de junho de 2014. Nesta data comemora-se o anivers\u00e1rio de nascimento de Jo\u00e3o Preto, ou Pai Jo\u00e3o, o patriarca dos Pereira. Por isso, esta data carrega grande simbolismo para a comunidade de S\u00e3o Juli\u00e3o e todos os que lutam pela justi\u00e7a e paz neste Mucuri. Jo\u00e3o Preto dedicou sua vida a lavrar terra, cultura e religiosidade populares e \u00e0 luta por uma vida melhor, justa e pac\u00edfica na sua comunidade. Esta luta hoje \u00e9 continuada e ampliada para a quest\u00e3o quilombola pela a Associa\u00e7\u00e3o Quilombola Vaz Pereira, composta pelos Vaz, Pereira e Paraguai.<\/p>\n<p>O festival prestar\u00e1 ainda homenagem \u00e0 M\u00e3e Augusta, a matriarca da Comunidade Quilombola de S\u00e3o Juli\u00e3o que se encantou no \u00faltimo m\u00eas de abril, juntando-se ao seu Pai Jo\u00e3o Preto.<\/p>\n<p>Viva Pai Jo\u00e3o Preto e M\u00e3e Augusta!<\/p>\n<p>Viva a cultura popular!<\/p>\n<p>Viva S\u00e3o Juli\u00e3o!<\/p>\n<p>Viva a Cultura Quilombola!<\/p>\n<p>SERVI\u00c7O<\/p>\n<p>Evento: Festiva da Cultura Quilombola de S\u00e3o Juli\u00e3o<\/p>\n<p>Data: 24 a 28 de junho de 2014<\/p>\n<h4><strong>Programa\u00e7\u00e3o<\/strong><\/h4>\n<p>&#8211; Abertura e recep\u00e7\u00e3o<br \/>\nData: 24\/06 \/ Hor\u00e1rio: 14h<\/p>\n<p>&#8211; Oficinas (para a comunidade):<br \/>\nData: 25 a 27\/06 \/ Hor\u00e1rio: 14h \u00e0s 18h<\/p>\n<p>&#8211; P\u00fablico infantil<br \/>\nBrinquedos e Brincadeiras \u2013 Josino Medina e Wellison Pimenta;<br \/>\nInicia\u00e7\u00e3o art\u00edstica \u2013 Michelle Freitas;<br \/>\nConstru\u00e7\u00e3o de instrumentos \u2013 Carlinhos Ferreira;<\/p>\n<p>&#8211; P\u00fablico Adulto<br \/>\nCer\u00e2mica \u2013 \u00c1ureo Vieira;<br \/>\nPoesia \u2013 Cl\u00e1udio Bento;<br \/>\nDan\u00e7a \u2013 Patr\u00edcia Sene;<\/p>\n<p>&#8211; Apresenta\u00e7\u00e3o\/exposi\u00e7\u00e3o dos trabalhos realizados<br \/>\nData: 28\/06 \/ Hor\u00e1rio: 14h \u00e0s 18h<\/p>\n<p>&#8211; Roda de Conversa com Mestres de Folia e Batuqueiros<br \/>\nData: 28\/06 \/ Hor\u00e1rio: 14h \u00e0s 16h<br \/>\nTema: Folias, Batuques e Tradi\u00e7\u00f5es<\/p>\n<p>&#8211; Roda de Conversa com Lideran\u00e7as Quilombolas<br \/>\nData: 28\/06 \/ Hor\u00e1rio: 16h30min \u00e0s 18h30min<br \/>\nTema: Identidades e Territ\u00f3rios<\/p>\n<p>&#8211; 3\u00ba Encontro de Violeiros de S\u00e3o Juli\u00e3o<br \/>\nShow de convidados\/artistas locais, batuque e Folia de Reis com o Grupo Pai Jo\u00e3o e mestres convidados;<\/p>\n<p>Data: 27 e 28\/06 \/ Hor\u00e1rio: 19h30 \u00e0s 23h30<\/p>\n<p>Informa\u00e7\u00f5es: contato@mucurycultural.org | <a href=\"http:\/\/www.mucurycultural.org\/2014\/06\/festival-da-cultura-quilombola-de-sao.html\" target=\"_blank\">Site Oficial do Evento<\/a> | <a href=\"https:\/\/www.facebook.com\/pages\/Associa%C3%A7%C3%A3o-Mucury-Cultural\/252690531408161\" target=\"_blank\">P\u00e1gina do Facebook da Associa\u00e7\u00e3o Mucury Cultural<\/a> | 33-8850-3330<\/p>\n","protected":false},"excerpt":{"rendered":"<p>M\u00fasica, oficinas, culin\u00e1ria, artesanato e outras manifesta\u00e7\u00f5es locais. Estas s\u00e3o algumas das atra\u00e7\u00f5es do 1\u00ba Festival da Cultura Quilombola que acontece a partir desta ter\u00e7a-feira (24), em S\u00e3o Juli\u00e3o, distrito de Te\u00f3filo Otoni, no Vale do Mucuri. A proposta do festival \u00e9 realizar uma grande celebra\u00e7\u00e3o da cultura popular e da cultura quilombola na regi\u00e3o [&hellip;]<\/p>\n","protected":false},"author":1,"featured_media":32757,"comment_status":"open","ping_status":"closed","sticky":false,"template":"","format":"standard","meta":{"amp_status":"","footnotes":""},"categories":[125],"tags":[9493,9491,9494,9490,9492,164],"class_list":["post-32756","post","type-post","status-publish","format-standard","has-post-thumbnail","hentry","category-noticias","tag-3a-edicao-do-encontro-de-violeiros-da-comunidade-quilombola-de-sao-juliao","tag-festival-da-cultura-quilombola-de-sao-juliao","tag-festival-da-cultura-quilombola-de-sao-juliao-comeca-nesta-terca-feira","tag-festival-da-cultura-quilombola-tem-inicio-nesta-terca-feira-em-sao-juliao","tag-sao-juliao","tag-teofilo-otoni"],"_links":{"self":[{"href":"https:\/\/aconteceunovale.com.br\/portal\/index.php?rest_route=\/wp\/v2\/posts\/32756","targetHints":{"allow":["GET"]}}],"collection":[{"href":"https:\/\/aconteceunovale.com.br\/portal\/index.php?rest_route=\/wp\/v2\/posts"}],"about":[{"href":"https:\/\/aconteceunovale.com.br\/portal\/index.php?rest_route=\/wp\/v2\/types\/post"}],"author":[{"embeddable":true,"href":"https:\/\/aconteceunovale.com.br\/portal\/index.php?rest_route=\/wp\/v2\/users\/1"}],"replies":[{"embeddable":true,"href":"https:\/\/aconteceunovale.com.br\/portal\/index.php?rest_route=%2Fwp%2Fv2%2Fcomments&post=32756"}],"version-history":[{"count":0,"href":"https:\/\/aconteceunovale.com.br\/portal\/index.php?rest_route=\/wp\/v2\/posts\/32756\/revisions"}],"wp:featuredmedia":[{"embeddable":true,"href":"https:\/\/aconteceunovale.com.br\/portal\/index.php?rest_route=\/wp\/v2\/media\/32757"}],"wp:attachment":[{"href":"https:\/\/aconteceunovale.com.br\/portal\/index.php?rest_route=%2Fwp%2Fv2%2Fmedia&parent=32756"}],"wp:term":[{"taxonomy":"category","embeddable":true,"href":"https:\/\/aconteceunovale.com.br\/portal\/index.php?rest_route=%2Fwp%2Fv2%2Fcategories&post=32756"},{"taxonomy":"post_tag","embeddable":true,"href":"https:\/\/aconteceunovale.com.br\/portal\/index.php?rest_route=%2Fwp%2Fv2%2Ftags&post=32756"}],"curies":[{"name":"wp","href":"https:\/\/api.w.org\/{rel}","templated":true}]}}