{"id":32743,"date":"2014-06-24T19:39:16","date_gmt":"2014-06-24T22:39:16","guid":{"rendered":"http:\/\/aconteceunovale.com.br\/portal\/?p=32743"},"modified":"2014-06-24T19:39:16","modified_gmt":"2014-06-24T22:39:16","slug":"motorista-sai-da-cabine-e-desmaia-na-pista-apos-carreta-tombar-na-br-381-entre-itabira-e-nova-era","status":"publish","type":"post","link":"https:\/\/aconteceunovale.com.br\/portal\/?p=32743","title":{"rendered":"Motorista sai da cabine e desmaia na pista ap\u00f3s carreta tombar na BR-381, entre Itabira e Nova Era"},"content":{"rendered":"<p>A Pol\u00edcia Rodovi\u00e1ria Estadual registrou mais um acidente envolvendo carreta na estrada que liga Itabira a Nova Era, na tarde desta ter\u00e7a-feira, 24 de junho. O ve\u00edculo transportava esc\u00f3ria de ferro-gusa e tombou no km 468, em uma curva, pr\u00f3ximo \u00e0 localidade de Capoeirana.<\/p>\n<p>O motorista conseguiu sair da cabine, mas desmaiou na pista. Ele apresentava ferimentos pelo corpo e foi socorrido ao Hospital Margarida, em Jo\u00e3o Monlevade, por uma equipe de resgate volunt\u00e1rio.<\/p>\n<p>A Volvo branca, placa GXX-8259, de Lavras, seguia sentido BR-381. Ap\u00f3s capotar, o ve\u00edculo ainda escorregou e bateu em um barranco, \u00e0s margens da rodovia. Os militares sinalizaram a pista e deixaram o tr\u00e2nsito fluir normalmente. Segundo eles, acidentes envolvendo caminh\u00f5es acontecem constantemente no local.<\/p>\n<p><img decoding=\"async\" src=\"http:\/\/aconteceunovale.com.br\/portal\/wp-content\/uploads\/2014\/06\/acidente_carreta_381_24_6_1.jpg\" alt=\"\" \/><\/p>\n<p><img decoding=\"async\" src=\"http:\/\/aconteceunovale.com.br\/portal\/wp-content\/uploads\/2014\/06\/acidente_carreta_381_24_6_2.jpg\" alt=\"\" \/><\/p>\n<p><img decoding=\"async\" src=\"http:\/\/aconteceunovale.com.br\/portal\/wp-content\/uploads\/2014\/06\/acidente_carreta_381_24_6_3.jpg\" alt=\"\" \/><\/p>\n<p><img decoding=\"async\" src=\"http:\/\/aconteceunovale.com.br\/portal\/wp-content\/uploads\/2014\/06\/acidente_carreta_381_24_6_4.jpg\" alt=\"\" \/><\/p>\n<p><strong><em>(Fotos: Silvio Andrade \/ Informa\u00e7\u00f5es: DeFato Online)<\/em><\/strong><\/p>\n","protected":false},"excerpt":{"rendered":"<p>A Pol\u00edcia Rodovi\u00e1ria Estadual registrou mais um acidente envolvendo carreta na estrada que liga Itabira a Nova Era, na tarde desta ter\u00e7a-feira, 24 de junho. O ve\u00edculo transportava esc\u00f3ria de ferro-gusa e tombou no km 468, em uma curva, pr\u00f3ximo \u00e0 localidade de Capoeirana. O motorista conseguiu sair da cabine, mas desmaiou na pista. Ele [&hellip;]<\/p>\n","protected":false},"author":1,"featured_media":32748,"comment_status":"open","ping_status":"closed","sticky":false,"template":"","format":"standard","meta":{"amp_status":"","footnotes":""},"categories":[123],"tags":[1018,202,1102,207,9488,1103],"class_list":["post-32743","post","type-post","status-publish","format-standard","has-post-thumbnail","hentry","category-gerais","tag-destaque","tag-itabira","tag-joao-monlevade","tag-lavras","tag-motorista-sai-da-cabine-e-desmaia-na-pista-apos-carreta-tombar-na-br-381","tag-nova-era"],"_links":{"self":[{"href":"https:\/\/aconteceunovale.com.br\/portal\/index.php?rest_route=\/wp\/v2\/posts\/32743","targetHints":{"allow":["GET"]}}],"collection":[{"href":"https:\/\/aconteceunovale.com.br\/portal\/index.php?rest_route=\/wp\/v2\/posts"}],"about":[{"href":"https:\/\/aconteceunovale.com.br\/portal\/index.php?rest_route=\/wp\/v2\/types\/post"}],"author":[{"embeddable":true,"href":"https:\/\/aconteceunovale.com.br\/portal\/index.php?rest_route=\/wp\/v2\/users\/1"}],"replies":[{"embeddable":true,"href":"https:\/\/aconteceunovale.com.br\/portal\/index.php?rest_route=%2Fwp%2Fv2%2Fcomments&post=32743"}],"version-history":[{"count":0,"href":"https:\/\/aconteceunovale.com.br\/portal\/index.php?rest_route=\/wp\/v2\/posts\/32743\/revisions"}],"wp:featuredmedia":[{"embeddable":true,"href":"https:\/\/aconteceunovale.com.br\/portal\/index.php?rest_route=\/wp\/v2\/media\/32748"}],"wp:attachment":[{"href":"https:\/\/aconteceunovale.com.br\/portal\/index.php?rest_route=%2Fwp%2Fv2%2Fmedia&parent=32743"}],"wp:term":[{"taxonomy":"category","embeddable":true,"href":"https:\/\/aconteceunovale.com.br\/portal\/index.php?rest_route=%2Fwp%2Fv2%2Fcategories&post=32743"},{"taxonomy":"post_tag","embeddable":true,"href":"https:\/\/aconteceunovale.com.br\/portal\/index.php?rest_route=%2Fwp%2Fv2%2Ftags&post=32743"}],"curies":[{"name":"wp","href":"https:\/\/api.w.org\/{rel}","templated":true}]}}