{"id":32735,"date":"2014-06-24T16:30:28","date_gmt":"2014-06-24T19:30:28","guid":{"rendered":"http:\/\/aconteceunovale.com.br\/portal\/?p=32735"},"modified":"2014-06-24T16:30:28","modified_gmt":"2014-06-24T19:30:28","slug":"delegados-de-minas-gerais-irao-cruzar-os-bracos-por-12-horas-nesta-quarta-feira","status":"publish","type":"post","link":"https:\/\/aconteceunovale.com.br\/portal\/?p=32735","title":{"rendered":"Delegados de Minas Gerais ir\u00e3o cruzar os bra\u00e7os por 12 horas nesta quarta-feira"},"content":{"rendered":"<p>Os delegados de Minas Gerais v\u00e3o realizar uma paralisa\u00e7\u00e3o de 12 horas na quarta-feira. A partir das 14h, os profissionais devem se concentrar em frente \u00e0 Assembleia Legislativa de Minas Gerais (ALMG), no Bairro Santo Agostinho, Regi\u00e3o Centro-Sul de Belo Horizonte. <\/p>\n<p>O presidente do Sindicato dos Delegados de Pol\u00edcia Civil do Estado de Minas Gerais (Sindepominas), Marco Ant\u00f4nio de Paula Assis, explica que a categoria reivindica o reenquadramento de tabela dos delegados iniciais e de primeira classe intermedi\u00e1ria para solucionar a distor\u00e7\u00e3o interna com uma carreira subalterna, cujo sal\u00e1rio \u00e9 superior ao delegado inicial. Segundo Assis, esta reivindica\u00e7\u00e3o j\u00e1 foi entregue ao governo do estado, mas ainda n\u00e3o houve resposta. <\/p>\n<p>Amanh\u00e3, a concentra\u00e7\u00e3o na ALMG deve reunir delegados da capital e do interior de Minas. A paralisa\u00e7\u00e3o acontece de 8h \u00e0s 20h, mas o presidente do Sindepominas esclarece que ser\u00e3o atendidos os casos de urg\u00eancia e emerg\u00eancia \u2013 como uma mulher que precise de medida protetiva, crian\u00e7as em situa\u00e7\u00e3o de abandono e maus tratos -, bem como os casos de relev\u00e2ncia social \u2013 dano ao patrim\u00f4nio p\u00fablico, agress\u00e3o a estrangeiros, entre outros. <\/p>\n<p>Uma nova paralisa\u00e7\u00e3o est\u00e1 marcada para a pr\u00f3xima quarta-feira, dia 2 de julho, na cidade de Juiz de Fora, na Zona da Mata.<\/p>\n<p><em>(Estado de Minas)<\/em><\/p>\n","protected":false},"excerpt":{"rendered":"<p>Os delegados de Minas Gerais v\u00e3o realizar uma paralisa\u00e7\u00e3o de 12 horas na quarta-feira. A partir das 14h, os profissionais devem se concentrar em frente \u00e0 Assembleia Legislativa de Minas Gerais (ALMG), no Bairro Santo Agostinho, Regi\u00e3o Centro-Sul de Belo Horizonte. O presidente do Sindicato dos Delegados de Pol\u00edcia Civil do Estado de Minas Gerais [&hellip;]<\/p>\n","protected":false},"author":1,"featured_media":29129,"comment_status":"open","ping_status":"closed","sticky":false,"template":"","format":"standard","meta":{"amp_status":"","footnotes":""},"categories":[123],"tags":[9477,9478],"class_list":["post-32735","post","type-post","status-publish","format-standard","has-post-thumbnail","hentry","category-gerais","tag-delegados-de-minas-gerais-irao-cruzar-os-bracos-por-12-horas-nesta-quarta-feira","tag-paralisacao-dos-delegados-da-policia-civil-em-minas-gerais"],"_links":{"self":[{"href":"https:\/\/aconteceunovale.com.br\/portal\/index.php?rest_route=\/wp\/v2\/posts\/32735","targetHints":{"allow":["GET"]}}],"collection":[{"href":"https:\/\/aconteceunovale.com.br\/portal\/index.php?rest_route=\/wp\/v2\/posts"}],"about":[{"href":"https:\/\/aconteceunovale.com.br\/portal\/index.php?rest_route=\/wp\/v2\/types\/post"}],"author":[{"embeddable":true,"href":"https:\/\/aconteceunovale.com.br\/portal\/index.php?rest_route=\/wp\/v2\/users\/1"}],"replies":[{"embeddable":true,"href":"https:\/\/aconteceunovale.com.br\/portal\/index.php?rest_route=%2Fwp%2Fv2%2Fcomments&post=32735"}],"version-history":[{"count":0,"href":"https:\/\/aconteceunovale.com.br\/portal\/index.php?rest_route=\/wp\/v2\/posts\/32735\/revisions"}],"wp:featuredmedia":[{"embeddable":true,"href":"https:\/\/aconteceunovale.com.br\/portal\/index.php?rest_route=\/wp\/v2\/media\/29129"}],"wp:attachment":[{"href":"https:\/\/aconteceunovale.com.br\/portal\/index.php?rest_route=%2Fwp%2Fv2%2Fmedia&parent=32735"}],"wp:term":[{"taxonomy":"category","embeddable":true,"href":"https:\/\/aconteceunovale.com.br\/portal\/index.php?rest_route=%2Fwp%2Fv2%2Fcategories&post=32735"},{"taxonomy":"post_tag","embeddable":true,"href":"https:\/\/aconteceunovale.com.br\/portal\/index.php?rest_route=%2Fwp%2Fv2%2Ftags&post=32735"}],"curies":[{"name":"wp","href":"https:\/\/api.w.org\/{rel}","templated":true}]}}