{"id":32733,"date":"2014-06-24T16:21:28","date_gmt":"2014-06-24T19:21:28","guid":{"rendered":"http:\/\/aconteceunovale.com.br\/portal\/?p=32733"},"modified":"2014-06-25T18:11:40","modified_gmt":"2014-06-25T21:11:40","slug":"crianca-de-3-anos-morre-afogado-apos-veiculo-cair-em-acude-no-leste-de-minas","status":"publish","type":"post","link":"https:\/\/aconteceunovale.com.br\/portal\/?p=32733","title":{"rendered":"Crian\u00e7a de 3 anos morre afogado ap\u00f3s ve\u00edculo cair em a\u00e7ude no Leste de Minas"},"content":{"rendered":"<p>Uma crian\u00e7a de 3 anos morreu depois que o carro onde ela estava caiu em um a\u00e7ude, no C\u00f3rrego Volta Grande, na zona rural de Caratinga, na regi\u00e3o do Vale do Rio Doce, nessa segunda-feira (23). A crian\u00e7a era do distrito de Alegria, em Simon\u00e9sia. Segundo relatos, a v\u00edtima estava na carroceria de um ve\u00edculo Fiat Strada com outras quatro pessoas.<\/p>\n<p>Segundo a Pol\u00edcia Militar (PM), ao realizar uma manobra de marcha \u00e0 r\u00e9 perto de uma lagoa, o condutor do carro, um homem, de 35 anos, perdeu o controle da dire\u00e7\u00e3o e caiu dentro da \u00e1gua. Por causa da profundidade, o ve\u00edculo ficou submerso. Dos cinco que estavam na carroceria, quatro conseguiram sair da lagoa, mas a crian\u00e7a, infelizmente, desapareceu em meio \u00e0 \u00e1gua e s\u00f3 foi encontrada tempo depois, j\u00e1 sem vida.<\/p>\n<p>Uma pessoa que mergulhou e encontrou o corpo da crian\u00e7a. A picape foi retirada da \u00e1gua pelos moradores da localidade. A Pol\u00edcia Militar registrou a ocorr\u00eancia e a per\u00edcia t\u00e9cnica da Pol\u00edcia Civil tamb\u00e9m compareceu ao local e realizou os trabalhos de praxe. De acordo com informa\u00e7\u00f5es, o condutor do ve\u00edculo ficou de se apresentar na delegacia para prestar esclarecimentos.<\/p>\n","protected":false},"excerpt":{"rendered":"<p>Uma crian\u00e7a de 3 anos morreu depois que o carro onde ela estava caiu em um a\u00e7ude, no C\u00f3rrego Volta Grande, na zona rural de Caratinga, na regi\u00e3o do Vale do Rio Doce, nessa segunda-feira (23). A crian\u00e7a era do distrito de Alegria, em Simon\u00e9sia. Segundo relatos, a v\u00edtima estava na carroceria de um ve\u00edculo [&hellip;]<\/p>\n","protected":false},"author":1,"featured_media":13667,"comment_status":"open","ping_status":"closed","sticky":false,"template":"","format":"standard","meta":{"amp_status":"","footnotes":""},"categories":[121],"tags":[237,9476,9475,2451],"class_list":["post-32733","post","type-post","status-publish","format-standard","has-post-thumbnail","hentry","category-leste","tag-caratinga","tag-crianca-de-3-anos-morre-afogado-apos-veiculo-cair-em-acude-em-caratinga","tag-crianca-de-3-anos-morre-afogado-apos-veiculo-cair-em-acude-no-leste-de-minas","tag-simonesia"],"_links":{"self":[{"href":"https:\/\/aconteceunovale.com.br\/portal\/index.php?rest_route=\/wp\/v2\/posts\/32733","targetHints":{"allow":["GET"]}}],"collection":[{"href":"https:\/\/aconteceunovale.com.br\/portal\/index.php?rest_route=\/wp\/v2\/posts"}],"about":[{"href":"https:\/\/aconteceunovale.com.br\/portal\/index.php?rest_route=\/wp\/v2\/types\/post"}],"author":[{"embeddable":true,"href":"https:\/\/aconteceunovale.com.br\/portal\/index.php?rest_route=\/wp\/v2\/users\/1"}],"replies":[{"embeddable":true,"href":"https:\/\/aconteceunovale.com.br\/portal\/index.php?rest_route=%2Fwp%2Fv2%2Fcomments&post=32733"}],"version-history":[{"count":0,"href":"https:\/\/aconteceunovale.com.br\/portal\/index.php?rest_route=\/wp\/v2\/posts\/32733\/revisions"}],"wp:featuredmedia":[{"embeddable":true,"href":"https:\/\/aconteceunovale.com.br\/portal\/index.php?rest_route=\/wp\/v2\/media\/13667"}],"wp:attachment":[{"href":"https:\/\/aconteceunovale.com.br\/portal\/index.php?rest_route=%2Fwp%2Fv2%2Fmedia&parent=32733"}],"wp:term":[{"taxonomy":"category","embeddable":true,"href":"https:\/\/aconteceunovale.com.br\/portal\/index.php?rest_route=%2Fwp%2Fv2%2Fcategories&post=32733"},{"taxonomy":"post_tag","embeddable":true,"href":"https:\/\/aconteceunovale.com.br\/portal\/index.php?rest_route=%2Fwp%2Fv2%2Ftags&post=32733"}],"curies":[{"name":"wp","href":"https:\/\/api.w.org\/{rel}","templated":true}]}}