{"id":32725,"date":"2014-06-24T15:58:18","date_gmt":"2014-06-24T18:58:18","guid":{"rendered":"http:\/\/aconteceunovale.com.br\/portal\/?p=32725"},"modified":"2014-06-24T21:13:14","modified_gmt":"2014-06-25T00:13:14","slug":"jovem-de-21-anos-e-executado-a-tiros-e-facadas-no-bairro-santa-rita-em-governador-valadares","status":"publish","type":"post","link":"https:\/\/aconteceunovale.com.br\/portal\/?p=32725","title":{"rendered":"Jovem de 21 anos \u00e9 executado a tiros e facadas no Bairro Santa Rita em Governador Valadares"},"content":{"rendered":"<p>Um jovem de 21 anos, identificado como MARCOS JADIR GOMES DA CRUZ, foi morto a tiros e facadas no in\u00edcio da tarde desta ter\u00e7a-feira, 24 de junho, no Bairro Santa Rita, em Governador Valadares\/MG. De acordo com a Pol\u00edcia Militar o rapaz foi executado em uma casa na Rua Ant\u00f4nio Trajano e ap\u00f3s o crime, o corpo foi jogado no quintal da casa ao lado. <\/p>\n<p>Ainda segundo a PM, a v\u00edtima tinha envolvimento com o tr\u00e1fico de drogas e havia sido abordada cerca de 15 minutos antes de ser morto. \u201cEu mesmo estive na resid\u00eancia onde a v\u00edtima foi morta h\u00e1 menos de uma semana. Na ocasi\u00e3o encontramos muni\u00e7\u00f5es, mas n\u00e3o achamos nenhuma arma. Nesta ter\u00e7a-feira, 15 minutos antes de ser morto, ele foi abordado, mas n\u00e3o encontramos nada. Infelizmente tem situa\u00e7\u00f5es que fogem da nossa al\u00e7ada\u201d conta o tenente R\u00fabio Ricardo.<\/p>\n<p><img decoding=\"async\" src=\"http:\/\/aconteceunovale.com.br\/portal\/wp-content\/uploads\/2014\/06\/executado_a_tiros_santa_rita_24_6.jpg\" alt=\"\" \/><em>Corpo foi arremessado no quintal desta casa na Rua Ant\u00f4nio Trajano &#8211; (Foto: Diego Souza\/G1)<\/em><br \/>\n<\/br><\/p>\n<p>A casa onde o corpo foi arremessado n\u00e3o havia moradores e est\u00e1 \u00e0 venda. O delegado Gean Vitor Fanti esteve no local e j\u00e1 iniciou \u00e0s investiga\u00e7\u00f5es. Al\u00e9m dos tiros, a v\u00edtima tamb\u00e9m teve o pesco\u00e7o cortado e quase foi degolado.<\/p>\n<p>A v\u00edtima tinha passagem pela pol\u00edcia por tr\u00e1fico de drogas. A pol\u00edcia j\u00e1 tem nomes de dois suspeitos que tamb\u00e9m t\u00eam envolvimento com o tr\u00e1fico. Abalada, a m\u00e3e da v\u00edtima, Irene Neves da Cruz, fez um desabafo.<\/p>\n<p>\u201cEu nunca ensinei ele a roubar, traficar ou usar drogas. Ele se envolvia com isso porque queria, n\u00e3o porque eu aceitava ou permitia. Sempre o ajudei, pagava comida, \u00e1gua, luz, aluguel, o ajudava a criar o filho dele. Quero muito que a pol\u00edcia chegue at\u00e9 aqueles que estiveram aqui chamando por ele e que fizeram isso\u201d, diz a m\u00e3e da v\u00edtima.<\/p>\n<p><img decoding=\"async\" src=\"http:\/\/aconteceunovale.com.br\/portal\/wp-content\/uploads\/2014\/06\/executado_a_tiros_santa_rita_24_7.jpg\" alt=\"\" \/><em>Faca apreendida pode ter sido utilizada no crime (Foto: Diego Souza\/G1)<\/em><br \/>\n<\/br><\/p>\n<p><img decoding=\"async\" src=\"http:\/\/aconteceunovale.com.br\/portal\/wp-content\/uploads\/2014\/06\/executado_a_tiros_santa_rita_24_8.jpg\" alt=\"\" \/><em>(Foto: Roberto Higino \/ Caso de Pol\u00edcia)<\/em><br \/>\n<\/br><\/p>\n<p><strong><em>(Fonte: Inter TV dos Vales \/ G1)<\/em><\/strong><\/p>\n","protected":false},"excerpt":{"rendered":"<p>Um jovem de 21 anos, identificado como MARCOS JADIR GOMES DA CRUZ, foi morto a tiros e facadas no in\u00edcio da tarde desta ter\u00e7a-feira, 24 de junho, no Bairro Santa Rita, em Governador Valadares\/MG. De acordo com a Pol\u00edcia Militar o rapaz foi executado em uma casa na Rua Ant\u00f4nio Trajano e ap\u00f3s o crime, [&hellip;]<\/p>\n","protected":false},"author":1,"featured_media":32726,"comment_status":"open","ping_status":"closed","sticky":false,"template":"","format":"standard","meta":{"amp_status":"","footnotes":""},"categories":[121],"tags":[247,9473,9472,9470,9471],"class_list":["post-32725","post","type-post","status-publish","format-standard","has-post-thumbnail","hentry","category-leste","tag-governador-valadares","tag-homicidio-na-rua-antonio-trajano","tag-homicidio-no-bairro-santa-rita","tag-jovem-de-21-anos-e-executado-a-tiros-e-facadas-no-bairro-santa-rita-em-governador-valadares","tag-marcos-jadir-gomes-da-cruz-filho"],"_links":{"self":[{"href":"https:\/\/aconteceunovale.com.br\/portal\/index.php?rest_route=\/wp\/v2\/posts\/32725","targetHints":{"allow":["GET"]}}],"collection":[{"href":"https:\/\/aconteceunovale.com.br\/portal\/index.php?rest_route=\/wp\/v2\/posts"}],"about":[{"href":"https:\/\/aconteceunovale.com.br\/portal\/index.php?rest_route=\/wp\/v2\/types\/post"}],"author":[{"embeddable":true,"href":"https:\/\/aconteceunovale.com.br\/portal\/index.php?rest_route=\/wp\/v2\/users\/1"}],"replies":[{"embeddable":true,"href":"https:\/\/aconteceunovale.com.br\/portal\/index.php?rest_route=%2Fwp%2Fv2%2Fcomments&post=32725"}],"version-history":[{"count":0,"href":"https:\/\/aconteceunovale.com.br\/portal\/index.php?rest_route=\/wp\/v2\/posts\/32725\/revisions"}],"wp:featuredmedia":[{"embeddable":true,"href":"https:\/\/aconteceunovale.com.br\/portal\/index.php?rest_route=\/wp\/v2\/media\/32726"}],"wp:attachment":[{"href":"https:\/\/aconteceunovale.com.br\/portal\/index.php?rest_route=%2Fwp%2Fv2%2Fmedia&parent=32725"}],"wp:term":[{"taxonomy":"category","embeddable":true,"href":"https:\/\/aconteceunovale.com.br\/portal\/index.php?rest_route=%2Fwp%2Fv2%2Fcategories&post=32725"},{"taxonomy":"post_tag","embeddable":true,"href":"https:\/\/aconteceunovale.com.br\/portal\/index.php?rest_route=%2Fwp%2Fv2%2Ftags&post=32725"}],"curies":[{"name":"wp","href":"https:\/\/api.w.org\/{rel}","templated":true}]}}