{"id":32723,"date":"2014-06-24T15:51:25","date_gmt":"2014-06-24T18:51:25","guid":{"rendered":"http:\/\/aconteceunovale.com.br\/portal\/?p=32723"},"modified":"2014-06-24T21:28:40","modified_gmt":"2014-06-25T00:28:40","slug":"carro-pega-fogo-dentro-de-garagem-em-almenara","status":"publish","type":"post","link":"https:\/\/aconteceunovale.com.br\/portal\/?p=32723","title":{"rendered":"Carro pega fogo dentro de garagem em Almenara"},"content":{"rendered":"<p>Um inc\u00eandio foi registrado na madrugada dessa ter\u00e7a-feira (24), na cidade de Almenara, no Vale do Jequitinhonha. Segundo informa\u00e7\u00f5es da Pol\u00edcia Militar, uma testemunha, que acionou a corpora\u00e7\u00e3o, viu um carro em chamas dentro de uma garagem, que funciona como oficina mec\u00e2nica, no Centro da cidade.<\/p>\n<p>Ainda de acordo com a pol\u00edcia, para conter o fogo foi preciso pedir ajuda aos vizinhos. Na casa onde o carro estava n\u00e3o havia morador.<\/p>\n<p>Horas depois do inc\u00eandio, o dono do im\u00f3vel chegou em casa, e disse que antes de sua sa\u00edda, alguns fogos de artif\u00edcios haviam ca\u00eddo no quintal. O carro ficou totalmente queimado, al\u00e9m do teto e dos aparelhos da oficina.<\/p>\n<p>A casa de uma vizinha tamb\u00e9m teve o teto destru\u00eddo. <\/p>\n<p><img decoding=\"async\" src=\"http:\/\/aconteceunovale.com.br\/portal\/wp-content\/uploads\/2014\/06\/carro_pega_fogo_almenara_1.png\" alt=\"\" \/><br \/>\n<div id='gallery-1' class='gallery galleryid-32723 gallery-columns-4 gallery-size-thumbnail'><figure class='gallery-item'>\n\t\t\t<div class='gallery-icon landscape'>\n\t\t\t\t<a href='https:\/\/aconteceunovale.com.br\/portal\/wp-content\/uploads\/2014\/06\/carro_pega_fogo_almenara_2.jpg'><img loading=\"lazy\" decoding=\"async\" width=\"150\" height=\"150\" src=\"https:\/\/aconteceunovale.com.br\/portal\/wp-content\/uploads\/2014\/06\/carro_pega_fogo_almenara_2-150x150.jpg\" class=\"attachment-thumbnail size-thumbnail\" alt=\"\" \/><\/a>\n\t\t\t<\/div><\/figure><figure class='gallery-item'>\n\t\t\t<div class='gallery-icon landscape'>\n\t\t\t\t<a href='https:\/\/aconteceunovale.com.br\/portal\/wp-content\/uploads\/2014\/06\/carro_pega_fogo_almenara_3.png'><img loading=\"lazy\" decoding=\"async\" width=\"150\" height=\"150\" src=\"https:\/\/aconteceunovale.com.br\/portal\/wp-content\/uploads\/2014\/06\/carro_pega_fogo_almenara_3-150x150.png\" class=\"attachment-thumbnail size-thumbnail\" alt=\"\" \/><\/a>\n\t\t\t<\/div><\/figure><figure class='gallery-item'>\n\t\t\t<div class='gallery-icon landscape'>\n\t\t\t\t<a href='https:\/\/aconteceunovale.com.br\/portal\/wp-content\/uploads\/2014\/06\/carro_pega_fogo_almenara_4.png'><img loading=\"lazy\" decoding=\"async\" width=\"150\" height=\"150\" src=\"https:\/\/aconteceunovale.com.br\/portal\/wp-content\/uploads\/2014\/06\/carro_pega_fogo_almenara_4-150x150.png\" class=\"attachment-thumbnail size-thumbnail\" alt=\"\" \/><\/a>\n\t\t\t<\/div><\/figure><figure class='gallery-item'>\n\t\t\t<div class='gallery-icon landscape'>\n\t\t\t\t<a href='https:\/\/aconteceunovale.com.br\/portal\/wp-content\/uploads\/2014\/06\/carro_pega_fogo_almenara_5.png'><img loading=\"lazy\" decoding=\"async\" width=\"150\" height=\"150\" src=\"https:\/\/aconteceunovale.com.br\/portal\/wp-content\/uploads\/2014\/06\/carro_pega_fogo_almenara_5-150x150.png\" class=\"attachment-thumbnail size-thumbnail\" alt=\"\" \/><\/a>\n\t\t\t<\/div><\/figure><figure class='gallery-item'>\n\t\t\t<div class='gallery-icon landscape'>\n\t\t\t\t<a href='https:\/\/aconteceunovale.com.br\/portal\/wp-content\/uploads\/2014\/06\/carro_pega_fogo_almenara_6.png'><img loading=\"lazy\" decoding=\"async\" width=\"150\" height=\"150\" src=\"https:\/\/aconteceunovale.com.br\/portal\/wp-content\/uploads\/2014\/06\/carro_pega_fogo_almenara_6-150x150.png\" class=\"attachment-thumbnail size-thumbnail\" alt=\"\" \/><\/a>\n\t\t\t<\/div><\/figure><figure class='gallery-item'>\n\t\t\t<div class='gallery-icon landscape'>\n\t\t\t\t<a href='https:\/\/aconteceunovale.com.br\/portal\/wp-content\/uploads\/2014\/06\/carro_pega_fogo_almenara_7.png'><img loading=\"lazy\" decoding=\"async\" width=\"150\" height=\"150\" src=\"https:\/\/aconteceunovale.com.br\/portal\/wp-content\/uploads\/2014\/06\/carro_pega_fogo_almenara_7-150x150.png\" class=\"attachment-thumbnail size-thumbnail\" alt=\"\" \/><\/a>\n\t\t\t<\/div><\/figure><figure class='gallery-item'>\n\t\t\t<div class='gallery-icon landscape'>\n\t\t\t\t<a href='https:\/\/aconteceunovale.com.br\/portal\/wp-content\/uploads\/2014\/06\/carro_pega_fogo_almenara_9.png'><img loading=\"lazy\" decoding=\"async\" width=\"150\" height=\"150\" src=\"https:\/\/aconteceunovale.com.br\/portal\/wp-content\/uploads\/2014\/06\/carro_pega_fogo_almenara_9-150x150.png\" class=\"attachment-thumbnail size-thumbnail\" alt=\"\" \/><\/a>\n\t\t\t<\/div><\/figure><figure class='gallery-item'>\n\t\t\t<div class='gallery-icon landscape'>\n\t\t\t\t<a href='https:\/\/aconteceunovale.com.br\/portal\/wp-content\/uploads\/2014\/06\/carro_pega_fogo_almenara_10.png'><img loading=\"lazy\" decoding=\"async\" width=\"150\" height=\"150\" src=\"https:\/\/aconteceunovale.com.br\/portal\/wp-content\/uploads\/2014\/06\/carro_pega_fogo_almenara_10-150x150.png\" class=\"attachment-thumbnail size-thumbnail\" alt=\"\" \/><\/a>\n\t\t\t<\/div><\/figure>\n\t\t<\/div>\n<\/p>\n<p><strong><em>(Fonte: G1 \/ Fotos: Di\u00e1rio do Jequi)<\/em><\/strong><\/p>\n","protected":false},"excerpt":{"rendered":"<p>Um inc\u00eandio foi registrado na madrugada dessa ter\u00e7a-feira (24), na cidade de Almenara, no Vale do Jequitinhonha. Segundo informa\u00e7\u00f5es da Pol\u00edcia Militar, uma testemunha, que acionou a corpora\u00e7\u00e3o, viu um carro em chamas dentro de uma garagem, que funciona como oficina mec\u00e2nica, no Centro da cidade. Ainda de acordo com a pol\u00edcia, para conter o [&hellip;]<\/p>\n","protected":false},"author":1,"featured_media":32795,"comment_status":"open","ping_status":"closed","sticky":false,"template":"","format":"standard","meta":{"amp_status":"","footnotes":""},"categories":[120],"tags":[142,9469,1018],"class_list":["post-32723","post","type-post","status-publish","format-standard","has-post-thumbnail","hentry","category-jequi","tag-almenara","tag-carro-pega-fogo-dentro-de-garagem-em-almenara","tag-destaque"],"_links":{"self":[{"href":"https:\/\/aconteceunovale.com.br\/portal\/index.php?rest_route=\/wp\/v2\/posts\/32723","targetHints":{"allow":["GET"]}}],"collection":[{"href":"https:\/\/aconteceunovale.com.br\/portal\/index.php?rest_route=\/wp\/v2\/posts"}],"about":[{"href":"https:\/\/aconteceunovale.com.br\/portal\/index.php?rest_route=\/wp\/v2\/types\/post"}],"author":[{"embeddable":true,"href":"https:\/\/aconteceunovale.com.br\/portal\/index.php?rest_route=\/wp\/v2\/users\/1"}],"replies":[{"embeddable":true,"href":"https:\/\/aconteceunovale.com.br\/portal\/index.php?rest_route=%2Fwp%2Fv2%2Fcomments&post=32723"}],"version-history":[{"count":0,"href":"https:\/\/aconteceunovale.com.br\/portal\/index.php?rest_route=\/wp\/v2\/posts\/32723\/revisions"}],"wp:featuredmedia":[{"embeddable":true,"href":"https:\/\/aconteceunovale.com.br\/portal\/index.php?rest_route=\/wp\/v2\/media\/32795"}],"wp:attachment":[{"href":"https:\/\/aconteceunovale.com.br\/portal\/index.php?rest_route=%2Fwp%2Fv2%2Fmedia&parent=32723"}],"wp:term":[{"taxonomy":"category","embeddable":true,"href":"https:\/\/aconteceunovale.com.br\/portal\/index.php?rest_route=%2Fwp%2Fv2%2Fcategories&post=32723"},{"taxonomy":"post_tag","embeddable":true,"href":"https:\/\/aconteceunovale.com.br\/portal\/index.php?rest_route=%2Fwp%2Fv2%2Ftags&post=32723"}],"curies":[{"name":"wp","href":"https:\/\/api.w.org\/{rel}","templated":true}]}}