{"id":32720,"date":"2014-06-24T15:35:36","date_gmt":"2014-06-24T18:35:36","guid":{"rendered":"http:\/\/aconteceunovale.com.br\/portal\/?p=32720"},"modified":"2014-06-24T15:35:36","modified_gmt":"2014-06-24T18:35:36","slug":"criminosos-fazem-familia-refem-e-sao-presos-em-joao-monlevade","status":"publish","type":"post","link":"https:\/\/aconteceunovale.com.br\/portal\/?p=32720","title":{"rendered":"Criminosos fazem fam\u00edlia ref\u00e9m e s\u00e3o presos em Jo\u00e3o Monlevade"},"content":{"rendered":"<p>A Pol\u00edcia Militar prendeu nesta segunda-feira, 23 de junho, dois homens, de 33 e 44 anos, suspeitos de praticarem assalto e manter ref\u00e9ns membros de uma fam\u00edlia, em Jo\u00e3o Monlevade\/MG. De acordo com a PM, os criminosos tentaram estuprar uma das v\u00edtimas.<\/p>\n<p>Ap\u00f3s a a\u00e7\u00e3o criminosa, os suspeitos fugiram e levaram diversos objetos de valor da fam\u00edlia. A pol\u00edcia realizou um cerco e conseguiu prender os envolvidos, que s\u00e3o moradores de Ipatinga e Coronel Fabriciano, no Vale do A\u00e7o.<\/p>\n<p>Ainda segundo a PM, os presos t\u00eam passagens por porte de arma de fogo, tr\u00e1fico de drogas e assalto. Ambos foram levados para a Delegacia de Ipatinga.<\/p>\n<p><img decoding=\"async\" src=\"http:\/\/aconteceunovale.com.br\/portal\/wp-content\/uploads\/2014\/06\/presos_material_jm_24_3.jpg\" alt=\"\" \/><em>(Foto: Divulga\u00e7\u00e3o Pol\u00edcia Militar)<\/em><\/p>\n","protected":false},"excerpt":{"rendered":"<p>A Pol\u00edcia Militar prendeu nesta segunda-feira, 23 de junho, dois homens, de 33 e 44 anos, suspeitos de praticarem assalto e manter ref\u00e9ns membros de uma fam\u00edlia, em Jo\u00e3o Monlevade\/MG. De acordo com a PM, os criminosos tentaram estuprar uma das v\u00edtimas. Ap\u00f3s a a\u00e7\u00e3o criminosa, os suspeitos fugiram e levaram diversos objetos de valor [&hellip;]<\/p>\n","protected":false},"author":1,"featured_media":32721,"comment_status":"open","ping_status":"closed","sticky":false,"template":"","format":"standard","meta":{"amp_status":"","footnotes":""},"categories":[123],"tags":[1524,9468,201,1102],"class_list":["post-32720","post","type-post","status-publish","format-standard","has-post-thumbnail","hentry","category-gerais","tag-coronel-fabriciano","tag-criminosos-fazem-familia-refem-e-sao-presos-em-joao-monlevade","tag-ipatinga","tag-joao-monlevade"],"_links":{"self":[{"href":"https:\/\/aconteceunovale.com.br\/portal\/index.php?rest_route=\/wp\/v2\/posts\/32720","targetHints":{"allow":["GET"]}}],"collection":[{"href":"https:\/\/aconteceunovale.com.br\/portal\/index.php?rest_route=\/wp\/v2\/posts"}],"about":[{"href":"https:\/\/aconteceunovale.com.br\/portal\/index.php?rest_route=\/wp\/v2\/types\/post"}],"author":[{"embeddable":true,"href":"https:\/\/aconteceunovale.com.br\/portal\/index.php?rest_route=\/wp\/v2\/users\/1"}],"replies":[{"embeddable":true,"href":"https:\/\/aconteceunovale.com.br\/portal\/index.php?rest_route=%2Fwp%2Fv2%2Fcomments&post=32720"}],"version-history":[{"count":0,"href":"https:\/\/aconteceunovale.com.br\/portal\/index.php?rest_route=\/wp\/v2\/posts\/32720\/revisions"}],"wp:featuredmedia":[{"embeddable":true,"href":"https:\/\/aconteceunovale.com.br\/portal\/index.php?rest_route=\/wp\/v2\/media\/32721"}],"wp:attachment":[{"href":"https:\/\/aconteceunovale.com.br\/portal\/index.php?rest_route=%2Fwp%2Fv2%2Fmedia&parent=32720"}],"wp:term":[{"taxonomy":"category","embeddable":true,"href":"https:\/\/aconteceunovale.com.br\/portal\/index.php?rest_route=%2Fwp%2Fv2%2Fcategories&post=32720"},{"taxonomy":"post_tag","embeddable":true,"href":"https:\/\/aconteceunovale.com.br\/portal\/index.php?rest_route=%2Fwp%2Fv2%2Ftags&post=32720"}],"curies":[{"name":"wp","href":"https:\/\/api.w.org\/{rel}","templated":true}]}}