{"id":32717,"date":"2014-06-24T15:22:32","date_gmt":"2014-06-24T18:22:32","guid":{"rendered":"http:\/\/aconteceunovale.com.br\/portal\/?p=32717"},"modified":"2014-06-24T15:22:32","modified_gmt":"2014-06-24T18:22:32","slug":"com-licenca-vou-a-luta-capacita-mais-de-700-mulheres-no-norte-de-minas","status":"publish","type":"post","link":"https:\/\/aconteceunovale.com.br\/portal\/?p=32717","title":{"rendered":"Com Licen\u00e7a, Vou \u00e0 Luta capacita mais de 700 mulheres no Norte de Minas"},"content":{"rendered":"<h4><strong>Iniciativa do Estado qualifica pessoas com mais de 40 anos para inser\u00e7\u00e3o no mercado de trabalho e gera\u00e7\u00e3o de renda<\/strong><\/h4>\n<p>Artesanato com fibra de bananeira, corte e costura, produ\u00e7\u00e3o de doces e salgados, al\u00e9m do resgate da autoestima e da autonomia por meio da qualifica\u00e7\u00e3o profissional para inser\u00e7\u00e3o no mercado de trabalho, foram alguns dos benef\u00edcios do projeto Com Licen\u00e7a, Vou \u00e0 Luta para a popula\u00e7\u00e3o do Norte de Minas. A iniciativa faz parte do programa Travessia e busca promover a qualifica\u00e7\u00e3o profissional de mulheres acima de 40 anos, com baixa escolaridade e que vivem em regi\u00f5es de baixa renda.<\/p>\n<p>No Norte de Minas, o programa j\u00e1 capacitou 778 mulheres, de 16 munic\u00edpios: Campo Azul, Catuti, Espinosa, Gameleiras, Gr\u00e3o Mogol, Ja\u00edba, Jana\u00faba, Josen\u00f3polis, Manga, Matias Cardoso, Mirav\u00e2nia, Montezuma, Pirapora, Santa F\u00e9 de Minas, Vargem Grande do Rio Pardo e Verdel\u00e2ndia. O projeto contou com aulas te\u00f3ricas e pr\u00e1ticas divididas em tr\u00eas m\u00f3dulos: Forma\u00e7\u00e3o de Cidadania, Qualifica\u00e7\u00e3o Profissional e Oficina de Fixa\u00e7\u00e3o do Aprendizado.<\/p>\n<p>Em Jana\u00faba, 109 mulheres conclu\u00edram as atividades. De acordo com o coordenador do Centro de Refer\u00eancia de Assist\u00eancia Social (Creas), Rodrigo Freitas Castro, da prefeitura de Jana\u00faba, que atuou em parceria com o Governo de Minas, as aprendizes tiveram a oportunidade de conhecer a pr\u00f3pria capacidade de serem aut\u00f4nomas por meio da gera\u00e7\u00e3o da renda. \u201cAs mulheres acima de 40 anos que participaram do projeto puderam conhecer a realidade social na qual est\u00e3o inseridas e fazer a escolha pessoal de continuarem trabalhando nos lares ou conquistar sua independ\u00eancia, sendo inseridas no mercado de trabalho\u201d, afirma.<\/p>\n<p>Para a costureira Lindaura Alves de Jesus Santos, a participa\u00e7\u00e3o no projeto foi um grande est\u00edmulo em sua vida e os aprendizados continuam. \u201cAtualmente formamos um grupo de 18 pessoas que trabalham com corte e costura em uma associa\u00e7\u00e3o. Ainda estamos experimentando, desenvolvendo o que aprendemos, mas j\u00e1 visualizamos um bom futuro de neg\u00f3cios. O curso foi importante para minha autoestima, al\u00e9m de ser um trabalho que vai gerar renda ao longo do tempo\u201d, ressalta.<\/p>\n<h4><strong>Vargem Grande do Rio Pardo<\/strong><\/h4>\n<p>No munic\u00edpio de Vargem Grande do Rio Pardo, o projeto ainda est\u00e1 sendo executado e um grupo de 10 mulheres participa de aulas de corte e costura. No ano passado, outras 63 conclu\u00edram os m\u00f3dulos de Forma\u00e7\u00e3o para Cidadania e Qualifica\u00e7\u00e3o Profissional.<\/p>\n<p>Uma das beneficiadas foi a salgadeira Rosa Pereira da Silva, 40 anos. Atualmente, ela gerencia o bar que abriu h\u00e1 dois meses no bairro Santo Ant\u00f4nio, onde mora, e um dos produtos que mais vende s\u00e3o os salgados. Al\u00e9m disso, ela est\u00e1 ficando conhecida na localidade e passou a fazer os salgados sob encomenda. \u201cA cada dia que passa quero treinar mais receitas e ampliar as vendas, estou muito otimista. Os resultados financeiros j\u00e1 est\u00e3o come\u00e7ando a aparecer, sinto que minha vida est\u00e1 mudando\u201d, comemora.<\/p>\n<h4><strong>Hist\u00f3rico do projeto<\/strong><\/h4>\n<p>Criado em 2011, para reduzir as priva\u00e7\u00f5es sociais identificadas em diversas regi\u00f5es do estado, o projeto Com Licen\u00e7a, Vou \u00e0 Luta j\u00e1 mobilizou cerca de 3.000 mulheres, beneficiando 52 munic\u00edpios. Do total de mulheres que participaram do projeto, mais de 700 foram encaminhadas para elevarem o n\u00edvel da escolaridade e, hoje, 308 geram algum tipo de renda. A iniciativa \u00e9 coordenada pela Secretaria de Estado de Trabalho e Desenvolvimento Social (Sedese), na Assessoria de Projetos Especiais. (Ag\u00eancias Minas)<\/p>\n","protected":false},"excerpt":{"rendered":"<p>Iniciativa do Estado qualifica pessoas com mais de 40 anos para inser\u00e7\u00e3o no mercado de trabalho e gera\u00e7\u00e3o de renda Artesanato com fibra de bananeira, corte e costura, produ\u00e7\u00e3o de doces e salgados, al\u00e9m do resgate da autoestima e da autonomia por meio da qualifica\u00e7\u00e3o profissional para inser\u00e7\u00e3o no mercado de trabalho, foram alguns dos [&hellip;]<\/p>\n","protected":false},"author":1,"featured_media":32718,"comment_status":"open","ping_status":"closed","sticky":false,"template":"","format":"standard","meta":{"amp_status":"","footnotes":""},"categories":[1236],"tags":[1703,1800,1278,4531,1153,9467,1058,204,2247,1356,1708,3056,1009,254,1809,3046,1814],"class_list":["post-32717","post","type-post","status-publish","format-standard","has-post-thumbnail","hentry","category-norte_de_minas","tag-campo-azul","tag-catuti","tag-espinosa","tag-gameleiras","tag-grao-mogol","tag-iniciativa-do-estado-qualifica-pessoas-com-mais-de-40-anos-para-insercao-no-mercado-de-trabalho-e-geracao-de-renda","tag-jaiba","tag-janauba","tag-josenopolis","tag-manga","tag-matias-cardoso","tag-miravania","tag-montezuma","tag-pirapora","tag-santa-fe-de-minas","tag-vargem-grande-do-rio-pardo","tag-verdelandia"],"_links":{"self":[{"href":"https:\/\/aconteceunovale.com.br\/portal\/index.php?rest_route=\/wp\/v2\/posts\/32717","targetHints":{"allow":["GET"]}}],"collection":[{"href":"https:\/\/aconteceunovale.com.br\/portal\/index.php?rest_route=\/wp\/v2\/posts"}],"about":[{"href":"https:\/\/aconteceunovale.com.br\/portal\/index.php?rest_route=\/wp\/v2\/types\/post"}],"author":[{"embeddable":true,"href":"https:\/\/aconteceunovale.com.br\/portal\/index.php?rest_route=\/wp\/v2\/users\/1"}],"replies":[{"embeddable":true,"href":"https:\/\/aconteceunovale.com.br\/portal\/index.php?rest_route=%2Fwp%2Fv2%2Fcomments&post=32717"}],"version-history":[{"count":0,"href":"https:\/\/aconteceunovale.com.br\/portal\/index.php?rest_route=\/wp\/v2\/posts\/32717\/revisions"}],"wp:featuredmedia":[{"embeddable":true,"href":"https:\/\/aconteceunovale.com.br\/portal\/index.php?rest_route=\/wp\/v2\/media\/32718"}],"wp:attachment":[{"href":"https:\/\/aconteceunovale.com.br\/portal\/index.php?rest_route=%2Fwp%2Fv2%2Fmedia&parent=32717"}],"wp:term":[{"taxonomy":"category","embeddable":true,"href":"https:\/\/aconteceunovale.com.br\/portal\/index.php?rest_route=%2Fwp%2Fv2%2Fcategories&post=32717"},{"taxonomy":"post_tag","embeddable":true,"href":"https:\/\/aconteceunovale.com.br\/portal\/index.php?rest_route=%2Fwp%2Fv2%2Ftags&post=32717"}],"curies":[{"name":"wp","href":"https:\/\/api.w.org\/{rel}","templated":true}]}}