{"id":32714,"date":"2014-06-24T15:17:19","date_gmt":"2014-06-24T18:17:19","guid":{"rendered":"http:\/\/aconteceunovale.com.br\/portal\/?p=32714"},"modified":"2014-06-24T15:17:19","modified_gmt":"2014-06-24T18:17:19","slug":"municipios-do-norte-de-minas-implantam-novas-praticas-de-gestao-publica","status":"publish","type":"post","link":"https:\/\/aconteceunovale.com.br\/portal\/?p=32714","title":{"rendered":"Munic\u00edpios do Norte de Minas implantam novas pr\u00e1ticas de gest\u00e3o p\u00fablica"},"content":{"rendered":"<h4><strong>Cidades melhoraram a\u00e7\u00f5es por meio da participa\u00e7\u00e3o no Programa Mineiro de Empreendedorismo e Gest\u00e3o para Resultados Municipais<\/strong><\/h4>\n<p>Os munic\u00edpios de Jana\u00faba, Pirapora, Taiobeiras e Bras\u00edlia de Minas, no Norte do Estado, foram premiados pelo governador Alberto Pinto Coelho no quesito gest\u00e3o p\u00fablica. Eles participaram do Programa Mineiro de Empreendedorismo e Gest\u00e3o para Resultados Municipais e, sob a orienta\u00e7\u00e3o da Secretaria de Estado de Planejamento e Gest\u00e3o (Seplag), implementaram pr\u00e1ticas j\u00e1 utilizadas com sucesso pelo Governo de Minas.<\/p>\n<p>A premia\u00e7\u00e3o foi separada por faixas: Ouro, Prata e Bronze.  Jana\u00faba, Pirapora e Taiobeiras receberam a faixa Ouro, enquanto Bras\u00edlia de Minas recebeu Bronze. De acordo com o vice-prefeito de Taiobeiras, Vitor Hugo Teixeira, participar do programa ajudou a ajustar e melhorar o trabalho da prefeitura. \u201cHoje temos a facilidade de responder aos \u00f3rg\u00e3os de fiscaliza\u00e7\u00e3o, pois a prefeitura agora est\u00e1 estruturada de forma legal e correta. O n\u00famero de comerciantes locais participando de licita\u00e7\u00f5es aumentou, pois com a capacita\u00e7\u00e3o geramos mais confian\u00e7a para as empresas participarem da concorr\u00eancia. Atualmente, 86% de nossas licita\u00e7\u00f5es s\u00e3o de com\u00e9rcio local, isso significa aquecimento de mercado e renda na cidade. Gerou tamb\u00e9m um respeito entre a prefeitura e a popula\u00e7\u00e3o, al\u00e9m da transpar\u00eancia no servi\u00e7o de compras\u201d, comenta.<\/p>\n<p>Ele destaca, entre as diversas mudan\u00e7as para melhorar a administra\u00e7\u00e3o, o servi\u00e7o de protocolo. \u201cN\u00e3o t\u00ednhamos o costume de acompanhar os atendimentos at\u00e9 o final. Hoje o recepcionista rastreia todas as demandas como, por exemplo, a regulariza\u00e7\u00e3o do IPTU do cidad\u00e3o e os processos licitat\u00f3rios, o que melhorou o andamento dos servi\u00e7os. Outra provid\u00eancia que foi tomada \u00e9 a revis\u00e3o do plano diretor da prefeitura. Regularizamos os projetos de tratamento de \u00e1gua e esgoto, tratamento de res\u00edduos s\u00f3lidos, entre outros, para maior bem estar dos cidad\u00e3os de nossa cidade\u201d, relata.<\/p>\n<h4><strong>Trabalho em equipe<\/strong><\/h4>\n<p>O controlador interno da prefeitura de Bras\u00edlia de Minas, Carlos Alberto Freire, conta que a premia\u00e7\u00e3o com a faixa bronze foi um grande incentivo. \u201cO prazer de ganhar esse pr\u00eamio foi enorme, resultado de um trabalho em equipe, desempenhado com bastante dedica\u00e7\u00e3o e a partir do qual vimos a prefeitura e, consequentemente, a cidade mudando. A implanta\u00e7\u00e3o das novas medidas foi como trocar a roda do carro com ele andando. Ent\u00e3o, achei que o pr\u00eamio foi muito merecido. Com o passar do tempo implantaremos novas medidas para tentarmos a faixa Ouro\u201d, adianta.<\/p>\n<p>Al\u00e9m das prefeituras norte-mineiras, o Governo de Minas condecorou outras 44 prefeituras de Minas Gerais, em um total de 48 premiadas (23 receberam a faixa ouro; 10 a faixa prata; e 15 a faixa bronze).<\/p>\n<h4><strong>O programa<\/strong><\/h4>\n<p>Gratuito para as prefeituras, o Programa Mineiro de Empreendedorismo e Gest\u00e3o para Resultados Municipais compartilha as boas pr\u00e1ticas de gest\u00e3o implantadas pelo Governo de Minas, que contribuam com os munic\u00edpios para a realiza\u00e7\u00e3o de uma boa administra\u00e7\u00e3o, com foco em resultados e respostas efetivas para as demandas da sociedade. Lan\u00e7ado em 2012, o programa foi desenvolvido ao longo de 2013 e, neste ano est\u00e1 sendo realizada uma segunda edi\u00e7\u00e3o, com t\u00e9rmino previsto para junho.<\/p>\n<p>Juntas, as edi\u00e7\u00f5es do programa em 2013 e 2014 somam a participa\u00e7\u00e3o de 504 prefeituras de todo o Estado, com a capacita\u00e7\u00e3o de cerca de 4.700 gestores e servidores municipais. Para a subsecret\u00e1ria de Gest\u00e3o da Estrat\u00e9gia Governamental, Adriane Ricieri, al\u00e9m do excelente grau de ades\u00e3o ao programa, o desempenho transcende uma avalia\u00e7\u00e3o puramente quantitativa. \u201cRevela  o interesse dos gestores e servidores em buscarem novos conhecimentos em rela\u00e7\u00e3o \u00e0s diversas \u00e1reas da gest\u00e3o p\u00fablica, o que  traz  benef\u00edcios diretos para o  trabalho di\u00e1rio das  prefeituras, possibilitando aos gestores a oportunidade de utilizar  boas pr\u00e1ticas de gest\u00e3o que contribuir\u00e3o para o atendimento \u00e0s demandas da popula\u00e7\u00e3o. O ganho com esses novos conhecimentos \u00e9 importante,  principalmente porque \u00e9 perene e ficar\u00e1 como um legado para as administra\u00e7\u00f5es municipais\u201d, conclui.<\/p>\n<p>O Programa Mineiro de Empreendedorismo e Gest\u00e3o para Resultados Municipais \u00e9 parte do Descomplicar \u2013 Minas Inova, que vem implantando a\u00e7\u00f5es de desburocratiza\u00e7\u00e3o e simplifica\u00e7\u00e3o de procedimentos da administra\u00e7\u00e3o p\u00fablica, facilitando as rela\u00e7\u00f5es do Estado internamente e tamb\u00e9m com os cidad\u00e3os e empresas. (Ag\u00eancia Minas)<\/p>\n","protected":false},"excerpt":{"rendered":"<p>Cidades melhoraram a\u00e7\u00f5es por meio da participa\u00e7\u00e3o no Programa Mineiro de Empreendedorismo e Gest\u00e3o para Resultados Municipais Os munic\u00edpios de Jana\u00faba, Pirapora, Taiobeiras e Bras\u00edlia de Minas, no Norte do Estado, foram premiados pelo governador Alberto Pinto Coelho no quesito gest\u00e3o p\u00fablica. Eles participaram do Programa Mineiro de Empreendedorismo e Gest\u00e3o para Resultados Municipais e, [&hellip;]<\/p>\n","protected":false},"author":1,"featured_media":32715,"comment_status":"open","ping_status":"closed","sticky":false,"template":"","format":"standard","meta":{"amp_status":"","footnotes":""},"categories":[1236],"tags":[195,204,9465,254,9466,419],"class_list":["post-32714","post","type-post","status-publish","format-standard","has-post-thumbnail","hentry","category-norte_de_minas","tag-brasilia-de-minas","tag-janauba","tag-municipios-do-norte-de-minas-implantam-novas-praticas-de-gestao-publica","tag-pirapora","tag-programa-mineiro-de-empreendedorismo-e-gestao-para-resultados-municipais","tag-taiobeiras"],"_links":{"self":[{"href":"https:\/\/aconteceunovale.com.br\/portal\/index.php?rest_route=\/wp\/v2\/posts\/32714","targetHints":{"allow":["GET"]}}],"collection":[{"href":"https:\/\/aconteceunovale.com.br\/portal\/index.php?rest_route=\/wp\/v2\/posts"}],"about":[{"href":"https:\/\/aconteceunovale.com.br\/portal\/index.php?rest_route=\/wp\/v2\/types\/post"}],"author":[{"embeddable":true,"href":"https:\/\/aconteceunovale.com.br\/portal\/index.php?rest_route=\/wp\/v2\/users\/1"}],"replies":[{"embeddable":true,"href":"https:\/\/aconteceunovale.com.br\/portal\/index.php?rest_route=%2Fwp%2Fv2%2Fcomments&post=32714"}],"version-history":[{"count":0,"href":"https:\/\/aconteceunovale.com.br\/portal\/index.php?rest_route=\/wp\/v2\/posts\/32714\/revisions"}],"wp:featuredmedia":[{"embeddable":true,"href":"https:\/\/aconteceunovale.com.br\/portal\/index.php?rest_route=\/wp\/v2\/media\/32715"}],"wp:attachment":[{"href":"https:\/\/aconteceunovale.com.br\/portal\/index.php?rest_route=%2Fwp%2Fv2%2Fmedia&parent=32714"}],"wp:term":[{"taxonomy":"category","embeddable":true,"href":"https:\/\/aconteceunovale.com.br\/portal\/index.php?rest_route=%2Fwp%2Fv2%2Fcategories&post=32714"},{"taxonomy":"post_tag","embeddable":true,"href":"https:\/\/aconteceunovale.com.br\/portal\/index.php?rest_route=%2Fwp%2Fv2%2Ftags&post=32714"}],"curies":[{"name":"wp","href":"https:\/\/api.w.org\/{rel}","templated":true}]}}