{"id":32695,"date":"2014-06-24T12:00:37","date_gmt":"2014-06-24T15:00:37","guid":{"rendered":"http:\/\/aconteceunovale.com.br\/portal\/?p=32695"},"modified":"2014-06-24T23:54:43","modified_gmt":"2014-06-25T02:54:43","slug":"homem-fica-gravemente-ferido-apos-atropelamento-na-br-116-em-teofilo-otoni","status":"publish","type":"post","link":"https:\/\/aconteceunovale.com.br\/portal\/?p=32695","title":{"rendered":"Homem morre ap\u00f3s atropelamento na BR-116, em Te\u00f3filo Otoni"},"content":{"rendered":"<p>Um homem ficou gravemente ferido ap\u00f3s um atropelamento na manh\u00e3 desta ter\u00e7a-feira, 24 de junho, na BR-116, pr\u00f3ximo \u00e0 sede do SAMU, em Te\u00f3filo Otoni\/MG.<\/p>\n<p>De acordo com informa\u00e7\u00f5es do condutor do ve\u00edculo, a v\u00edtima estava \u00e0s margens da rodovia, quando saltou na frente do caminh\u00e3o. Ainda segundo o condutor, n\u00e3o deu tempo de frear o ve\u00edculo, ocasionando o atropelamento.<\/p>\n<p>A v\u00edtima foi socorrida pelo SAMU e encaminhada para o Hospital Santa Ros\u00e1lia. Segundo o m\u00e9dico Rodrigo Lobo do SAMU, a v\u00edtima apresentava les\u00f5es extensas com exposi\u00e7\u00e3o de v\u00edsceras na regi\u00e3o posterior da pelve e abd\u00f4men. <\/p>\n<p>O homem foi encaminhado direto para o bloco cir\u00fargico da unidade de sa\u00fade, mas n\u00e3o resistiu aos ferimentos e morreu. O corpo foi encaminhado para o IML de Te\u00f3filo Otoni.<\/p>\n<p><img decoding=\"async\" src=\"http:\/\/aconteceunovale.com.br\/portal\/wp-content\/uploads\/2014\/06\/atropelamento_teo_24_6.jpg\" alt=\"\" \/><strong><em>(Homem foi atropelado pr\u00f3ximo \u00e0 sede do SAMU \u2013 Foto: Victor Couy)<\/em><\/strong><br \/>\n<\/br><\/p>\n<h4><strong>V\u00edtima identificada<\/strong><\/h4>\n<p>Ap\u00f3s divulga\u00e7\u00e3o de fotos do corpo da v\u00edtima em m\u00eddias sociais, o Instituto M\u00e9dico Legal de Te\u00f3filo Otoni, identificou com a ajuda de internautas que a v\u00edtima do atropelamento no quil\u00f4metro 275 da BR-116 registrado na manh\u00e3 desta ter\u00e7a-feira (24) \u00e9 o jovem FRANTIESCOLI RIBEIRO DE SOUZA, de 23 anos.<\/p>\n<p>Segundo o IML, a v\u00edtima \u00e9 deficiente mental e residia no Bairro Tabajaras. Ap\u00f3s o reconhecimento, o corpo foi liberado para a fam\u00edlia.<\/p>\n<p><img decoding=\"async\" src=\"http:\/\/aconteceunovale.com.br\/portal\/wp-content\/uploads\/2014\/06\/vitima_acidente_teo_identificada.jpg\" alt=\"\" \/><em><strong>(Foto: Divulga\u00e7\u00e3o IML Te\u00f3filo Otoni)<\/em><\/strong><\/p>\n","protected":false},"excerpt":{"rendered":"<p>Um homem ficou gravemente ferido ap\u00f3s um atropelamento na manh\u00e3 desta ter\u00e7a-feira, 24 de junho, na BR-116, pr\u00f3ximo \u00e0 sede do SAMU, em Te\u00f3filo Otoni\/MG. De acordo com informa\u00e7\u00f5es do condutor do ve\u00edculo, a v\u00edtima estava \u00e0s margens da rodovia, quando saltou na frente do caminh\u00e3o. Ainda segundo o condutor, n\u00e3o deu tempo de frear [&hellip;]<\/p>\n","protected":false},"author":1,"featured_media":32805,"comment_status":"open","ping_status":"closed","sticky":false,"template":"","format":"standard","meta":{"amp_status":"","footnotes":""},"categories":[122],"tags":[1018,9457,9456,9504,9505,164],"class_list":["post-32695","post","type-post","status-publish","format-standard","has-post-thumbnail","hentry","category-mucuri","tag-destaque","tag-homem-fica-gravemente-ferido-apos-atropelamento-em-teofilo-otoni","tag-homem-fica-gravemente-ferido-apos-atropelamento-na-br-116","tag-homem-morre-apos-atropelamento-na-br-116","tag-homem-morre-apos-atropelamento-na-br-116-em-teofilo-otoni","tag-teofilo-otoni"],"_links":{"self":[{"href":"https:\/\/aconteceunovale.com.br\/portal\/index.php?rest_route=\/wp\/v2\/posts\/32695","targetHints":{"allow":["GET"]}}],"collection":[{"href":"https:\/\/aconteceunovale.com.br\/portal\/index.php?rest_route=\/wp\/v2\/posts"}],"about":[{"href":"https:\/\/aconteceunovale.com.br\/portal\/index.php?rest_route=\/wp\/v2\/types\/post"}],"author":[{"embeddable":true,"href":"https:\/\/aconteceunovale.com.br\/portal\/index.php?rest_route=\/wp\/v2\/users\/1"}],"replies":[{"embeddable":true,"href":"https:\/\/aconteceunovale.com.br\/portal\/index.php?rest_route=%2Fwp%2Fv2%2Fcomments&post=32695"}],"version-history":[{"count":0,"href":"https:\/\/aconteceunovale.com.br\/portal\/index.php?rest_route=\/wp\/v2\/posts\/32695\/revisions"}],"wp:featuredmedia":[{"embeddable":true,"href":"https:\/\/aconteceunovale.com.br\/portal\/index.php?rest_route=\/wp\/v2\/media\/32805"}],"wp:attachment":[{"href":"https:\/\/aconteceunovale.com.br\/portal\/index.php?rest_route=%2Fwp%2Fv2%2Fmedia&parent=32695"}],"wp:term":[{"taxonomy":"category","embeddable":true,"href":"https:\/\/aconteceunovale.com.br\/portal\/index.php?rest_route=%2Fwp%2Fv2%2Fcategories&post=32695"},{"taxonomy":"post_tag","embeddable":true,"href":"https:\/\/aconteceunovale.com.br\/portal\/index.php?rest_route=%2Fwp%2Fv2%2Ftags&post=32695"}],"curies":[{"name":"wp","href":"https:\/\/api.w.org\/{rel}","templated":true}]}}