{"id":32688,"date":"2014-06-24T11:14:28","date_gmt":"2014-06-24T14:14:28","guid":{"rendered":"http:\/\/aconteceunovale.com.br\/portal\/?p=32688"},"modified":"2014-06-24T16:04:57","modified_gmt":"2014-06-24T19:04:57","slug":"confusao-apos-o-jogo-do-brasil-termina-com-dez-detidos-em-montes-claros","status":"publish","type":"post","link":"https:\/\/aconteceunovale.com.br\/portal\/?p=32688","title":{"rendered":"Confus\u00e3o ap\u00f3s o jogo do Brasil termina com 16 detidos em Montes Claros"},"content":{"rendered":"<p>A Pol\u00edcia Militar de Montes Claros (MG) prendeu, nessa segunda-feira (23), 14 pessoas e  tamb\u00e9m apreendeu dois menores por desacato e dano ao patrim\u00f4nio p\u00fablico, durante uma comemora\u00e7\u00e3o da vit\u00f3ria do Brasil. Familiares dos detidos disseram que houve excesso por parte dos militares.<\/p>\n<p>A capit\u00e3o da PM, Graciele Rodrigues, explica que a pol\u00edcia foi acionada para atender a uma ocorr\u00eancia de perturba\u00e7\u00e3o de sossego. As pessoas estavam incomodadas com o som de um carro que estava na Avenida Deputado Esteves Rodrigues, no Centro. De acordo com a PM, havia um grupo de 500 pessoas no local. <\/p>\n<p>\u201cOs policiais pediram para que o dono do carro desligasse o som e ele prontamente atendeu, mas outras pessoas, que tamb\u00e9m estavam no lugar, n\u00e3o concordaram e insuflaram a multid\u00e3o a insurgir contra os militares\u201d, afirma a capit\u00e3o.<\/p>\n<p>Por outro lado, Alvino Ferreira, que tamb\u00e9m participava da comemora\u00e7\u00e3o, disse que \u201ca pol\u00edcia chegou agredindo e prendendo as pessoas, que reagiram com pedras.\u201d Segundo ele, a confus\u00e3o come\u00e7ou depois que os policiais perceberam que estavam sendo filmados. &#8220;Reconhe\u00e7o que o som estava alto, mas havia v\u00e1rios outros carros com som alto tamb\u00e9m&#8221;, diz.<\/p>\n<p>A tia de um dos envolvidos disse que um rapaz chegou a levar um soco no olho. \u201cEle caiu desmaiado, sangrando, poderia ter morrido\u201d, conta a mulher que n\u00e3o quer ser identificar. \u201cEles chegaram algemados e foram maltratados. Eles n\u00e3o s\u00e3o bandidos, s\u00e3o jovens trabalhadores.\u201d<\/p>\n<p>A pol\u00edcia informou que para conter o tumulto foi necess\u00e1rio usar balas de borracha, g\u00e1s lacrimog\u00eanio e de pimenta. \u201cAlgumas pessoas jogaram garrafas, pedras e peda\u00e7os de meio fio contra os policiais e as viaturas\u201d, afirma Graciele Rodrigues.<\/p>\n<p>Sobre os poss\u00edveis excessos cometidos pela pol\u00edcia durante a a\u00e7\u00e3o, a capit\u00e3o disse que \u201ccaso seja detectado algum abuso, ser\u00e1 instaurado um procedimento administrativo.\u201d<\/p>\n<p><img decoding=\"async\" src=\"http:\/\/aconteceunovale.com.br\/portal\/wp-content\/uploads\/2014\/06\/confusao_gv_16_detidos.jpg\" alt=\"\" \/><em>Os 16 envolvidos foram levados para a delegacia (Foto: Michelly Oda \/ G1)<\/em><br \/>\n<\/br><\/p>\n<p><strong><em>(Inter TV Grande Minas)<\/em><\/strong><\/p>\n","protected":false},"excerpt":{"rendered":"<p>A Pol\u00edcia Militar de Montes Claros (MG) prendeu, nessa segunda-feira (23), 14 pessoas e tamb\u00e9m apreendeu dois menores por desacato e dano ao patrim\u00f4nio p\u00fablico, durante uma comemora\u00e7\u00e3o da vit\u00f3ria do Brasil. Familiares dos detidos disseram que houve excesso por parte dos militares. A capit\u00e3o da PM, Graciele Rodrigues, explica que a pol\u00edcia foi acionada [&hellip;]<\/p>\n","protected":false},"author":1,"featured_media":32731,"comment_status":"open","ping_status":"closed","sticky":false,"template":"","format":"standard","meta":{"amp_status":"","footnotes":""},"categories":[1236],"tags":[9474,9454,210],"class_list":["post-32688","post","type-post","status-publish","format-standard","has-post-thumbnail","hentry","category-norte_de_minas","tag-confusao-apos-o-jogo-do-brasil-termina-com-16-detidos-em-montes-claros","tag-confusao-apos-o-jogo-do-brasil-termina-com-dez-detidos-em-montes-claros","tag-montes-claros"],"_links":{"self":[{"href":"https:\/\/aconteceunovale.com.br\/portal\/index.php?rest_route=\/wp\/v2\/posts\/32688","targetHints":{"allow":["GET"]}}],"collection":[{"href":"https:\/\/aconteceunovale.com.br\/portal\/index.php?rest_route=\/wp\/v2\/posts"}],"about":[{"href":"https:\/\/aconteceunovale.com.br\/portal\/index.php?rest_route=\/wp\/v2\/types\/post"}],"author":[{"embeddable":true,"href":"https:\/\/aconteceunovale.com.br\/portal\/index.php?rest_route=\/wp\/v2\/users\/1"}],"replies":[{"embeddable":true,"href":"https:\/\/aconteceunovale.com.br\/portal\/index.php?rest_route=%2Fwp%2Fv2%2Fcomments&post=32688"}],"version-history":[{"count":0,"href":"https:\/\/aconteceunovale.com.br\/portal\/index.php?rest_route=\/wp\/v2\/posts\/32688\/revisions"}],"wp:featuredmedia":[{"embeddable":true,"href":"https:\/\/aconteceunovale.com.br\/portal\/index.php?rest_route=\/wp\/v2\/media\/32731"}],"wp:attachment":[{"href":"https:\/\/aconteceunovale.com.br\/portal\/index.php?rest_route=%2Fwp%2Fv2%2Fmedia&parent=32688"}],"wp:term":[{"taxonomy":"category","embeddable":true,"href":"https:\/\/aconteceunovale.com.br\/portal\/index.php?rest_route=%2Fwp%2Fv2%2Fcategories&post=32688"},{"taxonomy":"post_tag","embeddable":true,"href":"https:\/\/aconteceunovale.com.br\/portal\/index.php?rest_route=%2Fwp%2Fv2%2Ftags&post=32688"}],"curies":[{"name":"wp","href":"https:\/\/api.w.org\/{rel}","templated":true}]}}