{"id":32681,"date":"2014-06-24T10:54:31","date_gmt":"2014-06-24T13:54:31","guid":{"rendered":"http:\/\/aconteceunovale.com.br\/portal\/?p=32681"},"modified":"2014-06-24T10:54:31","modified_gmt":"2014-06-24T13:54:31","slug":"infestacao-de-carrapatos-preocupa-populacao-de-ipatinga","status":"publish","type":"post","link":"https:\/\/aconteceunovale.com.br\/portal\/?p=32681","title":{"rendered":"Infesta\u00e7\u00e3o de carrapatos preocupa popula\u00e7\u00e3o de Ipatinga"},"content":{"rendered":"<p>Uma infesta\u00e7\u00e3o de carrapatos preocupa a popula\u00e7\u00e3o do Bairro Recanto Verde em Ipatinga, no Leste de Minas Gerais. Segundo a moradora Rosimar Almeida, os carrapatos est\u00e3o por todas as partes, cal\u00e7adas, muros e perto dos port\u00f5es.<\/p>\n<p>Para Rosimar Almeida, o problema se agravou nos \u00faltimos 20 dias, tanto que a moradora foi parar no hospital. Ela diz que j\u00e1 entrou em contato com o servi\u00e7o de Zoonoses de Ipatinga e nada foi feito.<\/p>\n<p>Para a Bi\u00f3loga e Doutora em Biologia Michelle Maia, o per\u00edodo do ano \u00e9 prop\u00edcio \u00e0 apari\u00e7\u00e3o dos carrapatos. &#8220;\u00c9 comum nesse per\u00edodo do ano a apari\u00e7\u00e3o desses animais. Terrenos baldios com a presen\u00e7a de animais silvestres, animais dom\u00e9sticos, como bois, c\u00e3es entre outros e a pr\u00f3pria presen\u00e7a humana contribui para o problema&#8221;, afirma.<\/p>\n<p>A Prefeitura de Ipatinga informou que enviou t\u00e9cnicos ao local, que constaram a presen\u00e7a dos carrapatos. A prefeitura faz um alerta a popula\u00e7\u00e3o para n\u00e3o jogarem lixo e deixarem animais soltos na regi\u00e3o, pois essa seria um das poss\u00edveis causas do problema.<\/p>\n<p><img decoding=\"async\" src=\"http:\/\/aconteceunovale.com.br\/portal\/wp-content\/uploads\/2014\/06\/infestacao_carrapatos_ipatinga.jpeg\" alt=\"\" \/><em>(Per\u00edodo do ano \u00e9 prop\u00edcio \u00e0 apari\u00e7\u00e3o de carrapatos &#8211; Foto: Divulga\u00e7\u00e3o)<\/em><br \/>\n<\/br><\/p>\n<p><strong><em>(Inter TV dos Vales)<\/em><\/strong><\/p>\n","protected":false},"excerpt":{"rendered":"<p>Uma infesta\u00e7\u00e3o de carrapatos preocupa a popula\u00e7\u00e3o do Bairro Recanto Verde em Ipatinga, no Leste de Minas Gerais. Segundo a moradora Rosimar Almeida, os carrapatos est\u00e3o por todas as partes, cal\u00e7adas, muros e perto dos port\u00f5es. Para Rosimar Almeida, o problema se agravou nos \u00faltimos 20 dias, tanto que a moradora foi parar no hospital. [&hellip;]<\/p>\n","protected":false},"author":1,"featured_media":32683,"comment_status":"open","ping_status":"closed","sticky":false,"template":"","format":"standard","meta":{"amp_status":"","footnotes":""},"categories":[121],"tags":[9451,201],"class_list":["post-32681","post","type-post","status-publish","format-standard","has-post-thumbnail","hentry","category-leste","tag-infestacao-de-carrapatos-preocupa-populacao-de-ipatinga","tag-ipatinga"],"_links":{"self":[{"href":"https:\/\/aconteceunovale.com.br\/portal\/index.php?rest_route=\/wp\/v2\/posts\/32681","targetHints":{"allow":["GET"]}}],"collection":[{"href":"https:\/\/aconteceunovale.com.br\/portal\/index.php?rest_route=\/wp\/v2\/posts"}],"about":[{"href":"https:\/\/aconteceunovale.com.br\/portal\/index.php?rest_route=\/wp\/v2\/types\/post"}],"author":[{"embeddable":true,"href":"https:\/\/aconteceunovale.com.br\/portal\/index.php?rest_route=\/wp\/v2\/users\/1"}],"replies":[{"embeddable":true,"href":"https:\/\/aconteceunovale.com.br\/portal\/index.php?rest_route=%2Fwp%2Fv2%2Fcomments&post=32681"}],"version-history":[{"count":0,"href":"https:\/\/aconteceunovale.com.br\/portal\/index.php?rest_route=\/wp\/v2\/posts\/32681\/revisions"}],"wp:featuredmedia":[{"embeddable":true,"href":"https:\/\/aconteceunovale.com.br\/portal\/index.php?rest_route=\/wp\/v2\/media\/32683"}],"wp:attachment":[{"href":"https:\/\/aconteceunovale.com.br\/portal\/index.php?rest_route=%2Fwp%2Fv2%2Fmedia&parent=32681"}],"wp:term":[{"taxonomy":"category","embeddable":true,"href":"https:\/\/aconteceunovale.com.br\/portal\/index.php?rest_route=%2Fwp%2Fv2%2Fcategories&post=32681"},{"taxonomy":"post_tag","embeddable":true,"href":"https:\/\/aconteceunovale.com.br\/portal\/index.php?rest_route=%2Fwp%2Fv2%2Ftags&post=32681"}],"curies":[{"name":"wp","href":"https:\/\/api.w.org\/{rel}","templated":true}]}}