{"id":32672,"date":"2014-06-23T23:07:05","date_gmt":"2014-06-24T02:07:05","guid":{"rendered":"http:\/\/aconteceunovale.com.br\/portal\/?p=32672"},"modified":"2014-06-23T23:08:06","modified_gmt":"2014-06-24T02:08:06","slug":"interpol-coloca-tenente-da-aeronautica-em-lista-de-desaparecidos","status":"publish","type":"post","link":"https:\/\/aconteceunovale.com.br\/portal\/?p=32672","title":{"rendered":"Interpol coloca tenente da aeron\u00e1utica em lista de desaparecidos"},"content":{"rendered":"<p>A Interpol, Organiza\u00e7\u00e3o Internacional de Pol\u00edcia Criminal, emitiu um alerta de busca pela tenente da Aeron\u00e1utica Mirian M\u00e1rcia Tavares, de 43 anos, que est\u00e1 desaparecida desde o dia 3 de maio. A organiza\u00e7\u00e3o foi acionada pelos familiares da tenente de Varginha, no Sul do Estado. Os dados, com foto e outras informa\u00e7\u00f5es sobre a mulher, foram inclu\u00eddos na &#8220;Difus\u00e3o Amarela&#8221;, lista que visa exatamente \u00e0 localiza\u00e7\u00e3o de pessoas desaparecidas nos 190 pa\u00edses que fazem parte da organiza\u00e7\u00e3o.<\/p>\n<p><img decoding=\"async\" src=\"http:\/\/aconteceunovale.com.br\/portal\/wp-content\/uploads\/2014\/06\/na_lista_da_interpol_1.jpg\" alt=\"\" \/><em><strong>Dados de Mirian, de seu ve\u00edculo e fotos podem ser vistas no site da organiza\u00e7\u00e3o internacional<\/strong><\/em><br \/>\n<\/br><\/p>\n<p>&#8220;\u00c9 muito importante, pois, com isso, ela est\u00e1 sendo procurada nos aeroportos, em todos os pa\u00edses que t\u00eam o conv\u00eanio com a Interpol. N\u00e3o quer dizer que eles v\u00e3o atr\u00e1s dela, mas a divulga\u00e7\u00e3o j\u00e1 \u00e9 importante, principalmente porque n\u00e3o temos nenhuma pista dela at\u00e9 agora&#8221;, afirma o irm\u00e3o mais velho da militar, T\u00e9cio Henrique Tavares, de 50 anos. <\/p>\n<p>O medo dos familiares \u00e9 que, em surto, a mulher tenha sa\u00eddo sem rumo. &#8220;Por isso toda e qualquer divulga\u00e7\u00e3o s\u00e3o importantes. Pode ser que ela tenha ido para algum pa\u00eds, como Paraguai, ou Argentina, e s\u00f3 assim conseguiremos alcan\u00e7\u00e1-la&#8221;, aposta T\u00e9cio.<\/p>\n<h4><strong>Entenda o caso<\/strong><\/h4>\n<p>Desde o seu desaparecimento, os familiares da tenente ainda n\u00e3o conseguiram nenhuma not\u00edcia sobre o seu paradeiro. &#8220;Nem mesmo o carro dela, um Fiat P\u00e1lio cinza, foi encontrado ou visto em algum lugar. A Delegacia Especializada em Localiza\u00e7\u00e3o de Pessoas Desaparecidas tamb\u00e9m est\u00e1 investigando o caso e, at\u00e9 o momento, n\u00e3o obteve qualquer resposta sobre o sumi\u00e7o. <\/p>\n<p>No dia 3 de maio, Mirian saiu do apartamento deixando para tr\u00e1s roupas, objetos pessoais e celular. A mulher pegou apenas a carteira militar e a carteira de motorista. Ela deixou uma carta no im\u00f3vel em que, segundo a irm\u00e3 Beatriz Rodrigues Tavares, escreveu que estava muito triste, mas n\u00e3o sabia o motivo. \u201cPensamos que ela pegaria a estrada para espairecer, como estava acostumada a fazer algumas vezes, e voltaria para casa, mas isso n\u00e3o aconteceu\u201d, explicou Beatriz na \u00e9poca.<\/p>\n<p>A mulher tamb\u00e9m teria depositado R$ 30 mil na conta da irm\u00e3 antes de sumir.  Ainda conforme os familiares, a tenente apresentava um comportamento diferente  nos \u00faltimos meses. Na P\u00e1scoa, \u00faltima vez que a militar esteve em Varginha para visitar os familiares, Beatriz notou que a irm\u00e3 estava muito calada. Ela foi questionada se teria acontecido alguma coisa, mas disse que estava tudo bem. Mirian \u00e9 uma pessoa muito reservada, e a fam\u00edlia n\u00e3o tinha conhecimento de nenhum envolvimento amoroso da tenente.<\/p>\n<p><em><strong>Qualquer informa\u00e7\u00e3o sobre o paradeiro da tenente pode ser comunicada \u00e0 pol\u00edcia por meio do 181. N\u00e3o h\u00e1 necessidade de se identificar.<\/strong><\/em><\/p>\n<p><em>(O Tempo)<\/em><\/p>\n","protected":false},"excerpt":{"rendered":"<p>A Interpol, Organiza\u00e7\u00e3o Internacional de Pol\u00edcia Criminal, emitiu um alerta de busca pela tenente da Aeron\u00e1utica Mirian M\u00e1rcia Tavares, de 43 anos, que est\u00e1 desaparecida desde o dia 3 de maio. A organiza\u00e7\u00e3o foi acionada pelos familiares da tenente de Varginha, no Sul do Estado. Os dados, com foto e outras informa\u00e7\u00f5es sobre a mulher, [&hellip;]<\/p>\n","protected":false},"author":1,"featured_media":32674,"comment_status":"open","ping_status":"closed","sticky":false,"template":"","format":"standard","meta":{"amp_status":"","footnotes":""},"categories":[123],"tags":[9446,9445],"class_list":["post-32672","post","type-post","status-publish","format-standard","has-post-thumbnail","hentry","category-gerais","tag-interpol-coloca-tenente-da-aeronautica-em-lista-de-desaparecidos","tag-mirian-marcia-tavares"],"_links":{"self":[{"href":"https:\/\/aconteceunovale.com.br\/portal\/index.php?rest_route=\/wp\/v2\/posts\/32672","targetHints":{"allow":["GET"]}}],"collection":[{"href":"https:\/\/aconteceunovale.com.br\/portal\/index.php?rest_route=\/wp\/v2\/posts"}],"about":[{"href":"https:\/\/aconteceunovale.com.br\/portal\/index.php?rest_route=\/wp\/v2\/types\/post"}],"author":[{"embeddable":true,"href":"https:\/\/aconteceunovale.com.br\/portal\/index.php?rest_route=\/wp\/v2\/users\/1"}],"replies":[{"embeddable":true,"href":"https:\/\/aconteceunovale.com.br\/portal\/index.php?rest_route=%2Fwp%2Fv2%2Fcomments&post=32672"}],"version-history":[{"count":0,"href":"https:\/\/aconteceunovale.com.br\/portal\/index.php?rest_route=\/wp\/v2\/posts\/32672\/revisions"}],"wp:featuredmedia":[{"embeddable":true,"href":"https:\/\/aconteceunovale.com.br\/portal\/index.php?rest_route=\/wp\/v2\/media\/32674"}],"wp:attachment":[{"href":"https:\/\/aconteceunovale.com.br\/portal\/index.php?rest_route=%2Fwp%2Fv2%2Fmedia&parent=32672"}],"wp:term":[{"taxonomy":"category","embeddable":true,"href":"https:\/\/aconteceunovale.com.br\/portal\/index.php?rest_route=%2Fwp%2Fv2%2Fcategories&post=32672"},{"taxonomy":"post_tag","embeddable":true,"href":"https:\/\/aconteceunovale.com.br\/portal\/index.php?rest_route=%2Fwp%2Fv2%2Ftags&post=32672"}],"curies":[{"name":"wp","href":"https:\/\/api.w.org\/{rel}","templated":true}]}}